{"id":95621,"date":"2020-08-14T08:11:31","date_gmt":"2020-08-14T12:11:31","guid":{"rendered":"https:\/\/linitiative.ca\/International\/coronavirus-el-hamma-et-el-hamma-ouest-fermees\/"},"modified":"2020-08-14T08:11:31","modified_gmt":"2020-08-14T12:11:31","slug":"coronavirus-el-hamma-et-el-hamma-ouest-fermees","status":"publish","type":"post","link":"https:\/\/linitiative.ca\/International\/coronavirus-el-hamma-et-el-hamma-ouest-fermees\/","title":{"rendered":"Coronavirus: El Hamma et El Hamma ouest ferm\u00e9es"},"content":{"rendered":"<p><strong>Il a \u00e9t\u00e9 d\u00e9cid\u00e9 de fermer les d\u00e9l\u00e9gations d\u2019El Hamma et El Hamma, Ouest suite \u00e0 la multiplication des cas de contamination au coronavirus, a annonc\u00e9 le gouvernorat de Gab\u00e8s.<\/strong><\/p>\n<p>L\u2019objectif est d\u2019acc\u00e9l\u00e9rer l\u2019enqu\u00eate \u00e9pid\u00e9miologique et d\u2019essayer de d\u00e9terminer les zones \u00e0 forte propagation du virus. Ceci doit permettre d\u2019isoler les personnes atteintes.<\/p>\n<p>Le gouvernorat a fait savoir que l\u2019approvisionnement en produits de base sera assur\u00e9.<\/p>\n<p>Toute entr\u00e9e ou sortie des deux d\u00e9l\u00e9gations sera soumise \u00e0 une autorisation sp\u00e9ciale des autorit\u00e9s s\u00e9curitaires (secteur de s\u00fbret\u00e9 nationale et de la Garde nationale), a ajout\u00e9 le gouvernorat de Gab\u00e8s dans un communiqu\u00e9.<\/p>\n<p><strong>source:mosaiquefm<\/strong><\/p>\n<div class=\"wp-post-author-wrap wp-post-author-shortcode left\">\n<h3 class=\"awpa-title\"\/>\n<div class=\"wp-post-author\">\n<div class=\"awpa-img awpa-author-block square\"><a href=\"http:\/\/lexpertjournal.net\/fr\/?author=5\"><img loading=\"lazy\" decoding=\"async\" alt=\"\" src=\"http:\/\/0.gravatar.com\/avatar\/97f8e10a1c1125ba104a76514ee07b16?s=150&amp;d=mm&amp;r=g\" srcset=\"http:\/\/0.gravatar.com\/avatar\/97f8e10a1c1125ba104a76514ee07b16?s=300&amp;d=mm&amp;r=g 2x\" class=\"avatar avatar-150 photo\" height=\"150\" width=\"150\"\/><\/a><\/div>\n<\/div>\n<\/div>\n<aside class=\"mashsb-container mashsb-main mashsb-stretched\">\n<\/aside>\n<p>Auteur: L&rsquo;expert<br \/>\n<a href=\"http:\/\/lexpertjournal.net\/fr\/?p=16205\">Cliquez ici pour lire l&rsquo;article depuis sa source.<\/a><\/p>\n","protected":false},"excerpt":{"rendered":"<p>Il a \u00e9t\u00e9 d\u00e9cid\u00e9 de fermer les d\u00e9l\u00e9gations d\u2019El Hamma et El Hamma, Ouest suite \u00e0 la multiplication des cas de contamination au coronavirus, a annonc\u00e9 le gouvernorat de Gab\u00e8s. L\u2019objectif est d\u2019acc\u00e9l\u00e9rer l\u2019enqu\u00eate \u00e9pid\u00e9miologique et d\u2019essayer de d\u00e9terminer les zones \u00e0 forte propagation du virus. Ceci doit permettre d\u2019isoler les personnes atteintes. Le gouvernorat [&hellip;]<\/p>\n","protected":false},"author":1775,"featured_media":0,"comment_status":"closed","ping_status":"closed","sticky":false,"template":"","format":"standard","meta":{"fifu_image_url":"","fifu_image_alt":"","footnotes":""},"categories":[78,55],"tags":[],"class_list":["post-95621","post","type-post","status-publish","format-standard","hentry","category-economie","category-tunisie"],"_links":{"self":[{"href":"https:\/\/linitiative.ca\/International\/wp-json\/wp\/v2\/posts\/95621","targetHints":{"allow":["GET"]}}],"collection":[{"href":"https:\/\/linitiative.ca\/International\/wp-json\/wp\/v2\/posts"}],"about":[{"href":"https:\/\/linitiative.ca\/International\/wp-json\/wp\/v2\/types\/post"}],"author":[{"embeddable":true,"href":"https:\/\/linitiative.ca\/International\/wp-json\/wp\/v2\/users\/1775"}],"replies":[{"embeddable":true,"href":"https:\/\/linitiative.ca\/International\/wp-json\/wp\/v2\/comments?post=95621"}],"version-history":[{"count":0,"href":"https:\/\/linitiative.ca\/International\/wp-json\/wp\/v2\/posts\/95621\/revisions"}],"wp:attachment":[{"href":"https:\/\/linitiative.ca\/International\/wp-json\/wp\/v2\/media?parent=95621"}],"wp:term":[{"taxonomy":"category","embeddable":true,"href":"https:\/\/linitiative.ca\/International\/wp-json\/wp\/v2\/categories?post=95621"},{"taxonomy":"post_tag","embeddable":true,"href":"https:\/\/linitiative.ca\/International\/wp-json\/wp\/v2\/tags?post=95621"}],"curies":[{"name":"wp","href":"https:\/\/api.w.org\/{rel}","templated":true}]}}