{"id":95629,"date":"2020-08-14T13:50:52","date_gmt":"2020-08-14T17:50:52","guid":{"rendered":"https:\/\/linitiative.ca\/International\/respect-des-mesures-preventives-fermeture-de-10-cafes-et-salles-de-jeux\/"},"modified":"2020-08-14T13:50:52","modified_gmt":"2020-08-14T17:50:52","slug":"respect-des-mesures-preventives-fermeture-de-10-cafes-et-salles-de-jeux","status":"publish","type":"post","link":"https:\/\/linitiative.ca\/International\/respect-des-mesures-preventives-fermeture-de-10-cafes-et-salles-de-jeux\/","title":{"rendered":"Respect des mesures pr\u00e9ventives: Fermeture de 10 caf\u00e9s et salles de jeux"},"content":{"rendered":"<div class=\"single-featured\"><img alt=\"\" data-src=\"http:\/\/www.mapmarrakech.ma\/map\/uploads\/2020\/08\/caf&#xE9;-3-copier.jpg\"\/><\/div>\n<div class=\"single-post-excerpt post-excerpt-bc\" readability=\"34\">\n<p>El Youssoufia: Les autorit\u00e9s locales de la province d\u2019El Youssoufia ont \u00e9mis des d\u00e9cisions de fermeture de 10 caf\u00e9s et salles de jeux pour non-respect des mesures pr\u00e9ventives visant \u00e0 enrayer la propagation du Covid-19.<\/p>\n<\/div>\n<div class=\"entry-content clearfix single-post-content\" readability=\"44\">\n<p>Un communiqu\u00e9 de la province d\u2019El Youssoufia indique que les autorit\u00e9s locales ont \u00e9mis, du 06 au 13 ao\u00fbt, 11 d\u00e9cisions de fermeture de caf\u00e9s contrevenants.<\/p>\n<p>La m\u00eame source souligne que le comit\u00e9 de veille provincial a intensifi\u00e9 les tourn\u00e9es de contr\u00f4le pour assurer le suivi de l\u2019application des mesures pr\u00e9ventives d\u00e9cr\u00e9t\u00e9es par les autorit\u00e9s comp\u00e9tentes et inciter les propri\u00e9taires des caf\u00e9s et des salles de jeux au respect strict de ces mesures visant \u00e0 prot\u00e9ger la sant\u00e9 des citoyens et endiguer la propagation de la pand\u00e9mie.<\/p>\n<p>Elle rappelle que les autorit\u00e9s locales avaient auparavant adress\u00e9 des avertissements \u00e9crits aux propri\u00e9taires des caf\u00e9s contrevenants avant de proc\u00e9der \u00e0 la fermeture de ces locaux pour non-respect des mesures pr\u00e9ventives et sanitaires.<\/p>\n<\/div>\n<p>Auteur: Meriem IGASS<br \/>\n<a href=\"http:\/\/www.mapmarrakech.ma\/fr\/non-respect-des-mesures-preventives-fermeture-de-10-cafes-et-salles-de-jeux\/\">Cliquez ici pour lire l&rsquo;article depuis sa source.<\/a><\/p>\n","protected":false},"excerpt":{"rendered":"<p>El Youssoufia: Les autorit\u00e9s locales de la province d\u2019El Youssoufia ont \u00e9mis des d\u00e9cisions de fermeture de 10 caf\u00e9s et salles de jeux pour non-respect des mesures pr\u00e9ventives visant \u00e0 enrayer la propagation du Covid-19. Un communiqu\u00e9 de la province d\u2019El Youssoufia indique que les autorit\u00e9s locales ont \u00e9mis, du 06 au 13 ao\u00fbt, 11 [&hellip;]<\/p>\n","protected":false},"author":1788,"featured_media":95630,"comment_status":"closed","ping_status":"closed","sticky":false,"template":"","format":"standard","meta":{"fifu_image_url":"","fifu_image_alt":"","footnotes":""},"categories":[54,76],"tags":[],"class_list":["post-95629","post","type-post","status-publish","format-standard","has-post-thumbnail","hentry","category-maroc","category-regions"],"_links":{"self":[{"href":"https:\/\/linitiative.ca\/International\/wp-json\/wp\/v2\/posts\/95629","targetHints":{"allow":["GET"]}}],"collection":[{"href":"https:\/\/linitiative.ca\/International\/wp-json\/wp\/v2\/posts"}],"about":[{"href":"https:\/\/linitiative.ca\/International\/wp-json\/wp\/v2\/types\/post"}],"author":[{"embeddable":true,"href":"https:\/\/linitiative.ca\/International\/wp-json\/wp\/v2\/users\/1788"}],"replies":[{"embeddable":true,"href":"https:\/\/linitiative.ca\/International\/wp-json\/wp\/v2\/comments?post=95629"}],"version-history":[{"count":0,"href":"https:\/\/linitiative.ca\/International\/wp-json\/wp\/v2\/posts\/95629\/revisions"}],"wp:featuredmedia":[{"embeddable":true,"href":"https:\/\/linitiative.ca\/International\/wp-json\/"}],"wp:attachment":[{"href":"https:\/\/linitiative.ca\/International\/wp-json\/wp\/v2\/media?parent=95629"}],"wp:term":[{"taxonomy":"category","embeddable":true,"href":"https:\/\/linitiative.ca\/International\/wp-json\/wp\/v2\/categories?post=95629"},{"taxonomy":"post_tag","embeddable":true,"href":"https:\/\/linitiative.ca\/International\/wp-json\/wp\/v2\/tags?post=95629"}],"curies":[{"name":"wp","href":"https:\/\/api.w.org\/{rel}","templated":true}]}}