{"id":95637,"date":"2020-08-14T12:30:00","date_gmt":"2020-08-14T16:30:00","guid":{"rendered":"https:\/\/linitiative.ca\/International\/on-pensait-que-le-match-etait-plie-cest-dur\/"},"modified":"2020-08-14T12:30:00","modified_gmt":"2020-08-14T16:30:00","slug":"on-pensait-que-le-match-etait-plie-cest-dur","status":"publish","type":"post","link":"https:\/\/linitiative.ca\/International\/on-pensait-que-le-match-etait-plie-cest-dur\/","title":{"rendered":"\u00abOn pensait que le match \u00e9tait pli\u00e9, c&rsquo;est dur !\u00bb"},"content":{"rendered":"<p class=\"p1 c3\"><span class=\"c2\">\u00c0 l&rsquo;image de son \u00e9quipe, l&rsquo;entra\u00eeneur de l&rsquo;Atalanta s&rsquo;imaginait d\u00e9j\u00e0 en 1\/2. C&rsquo;\u00e9tait sans compter sur le sursaut du PSG. Un sc\u00e9nario cruel&#8230;<\/span><\/p>\n<p class=\"p1 c3\"><span class=\"c2\">C&rsquo;est ce qui s&rsquo;appelle \u00eatre pass\u00e9 \u00e0 quelques minutes d&rsquo;un exploit retentissant&#8230; Ce mercredi soir, l&rsquo;Atalanta Bergame a longtemps pens\u00e9 avoir d\u00e9croch\u00e9 son billet pour le dernier carr\u00e9 de la Ligue des Champions face au Paris Saint-Germain,avant de subir la r\u00e9volte des Parisiens dans le temps additionnel (1-2).<\/span><\/p>\n<p class=\"p2 c4\">\u00a0<\/p>\n<p class=\"p3 c5\"><strong><span class=\"c2\">\u00ab\u00a0Le PSG a de bonnes probabilit\u00e9s de jouer la finale\u00a0\u00bb<\/span><\/strong><\/p>\n<p class=\"p1 c3\"><span class=\"c2\">Renvers\u00e9s, les Italiens pourront nourrir des regrets, eux qui ont \u00e9t\u00e9 fid\u00e8les \u00e0 leurs principes dans ce quart de finale. Gian Piero Gasperini, l&rsquo;entra\u00eeneur de l&rsquo;Atalanta Bergame, \u00e9tait forc\u00e9ment amer en conf\u00e9rence de presse apr\u00e8s la rencontre. Selon lui, l&rsquo;entr\u00e9e de Kylian Mbapp\u00e9 a \u00e9t\u00e9 un tournant dans ce match.<\/span><\/p>\n<p class=\"p1 c3\"><span class=\"c2\">\u00ab\u00a0C&rsquo;est un match tr\u00e8s difficile, tr\u00e8s dur pour les deux \u00e9quipes. Pour nous, \u00e9videmment, il y a beaucoup de remords d&rsquo;avoir encaiss\u00e9 deux buts en fin de match. On pensait que le match \u00e9tait pli\u00e9, c&rsquo;est dur. Quand on a men\u00e9, on a plut\u00f4t bien g\u00e9r\u00e9\u00a0\u00bb, a d&rsquo;abord expliqu\u00e9 le technicien transalpin.<\/span><\/p>\n<p class=\"p1 c3\"><span class=\"c2\">\u00ab\u00a0Mais l&rsquo;entr\u00e9e de Mbapp\u00e9, combin\u00e9e \u00e0 la pr\u00e9sence de Neymar, a chang\u00e9 les choses pour le PSG. Son entr\u00e9e a donn\u00e9 une \u00e9nergie au PSG qui \u00e9tait en train de perdre le match, cela a \u00e9t\u00e9 fondamental de par ce qu&rsquo;il a apport\u00e9. Le but de l&rsquo;\u00e9galisation, surtout, nous laisse beaucoup d&rsquo;amertumes. Le PSG a de bonnes probabilit\u00e9s de jouer la finale\u00a0\u00bb, a ensuite ajout\u00e9 Gian Piero Gasperini. Si le sc\u00e9nario du match va forc\u00e9ment laisser des traces, l&rsquo;Atalanta n&rsquo;a absolument pas \u00e0 rougir de son parcours&#8230;<\/span><\/p>\n<p>Auteur: letemps1<br \/>\n<a href=\"http:\/\/www.letemps.com.tn\/article\/116414\/%C2%AB-pensait-que-le-match-%C3%A9tait-pli%C3%A9-cest-dur-%C2%BB\">Cliquez ici pour lire l&rsquo;article depuis sa source.<\/a><\/p>\n","protected":false},"excerpt":{"rendered":"<p>\u00c0 l&rsquo;image de son \u00e9quipe, l&rsquo;entra\u00eeneur de l&rsquo;Atalanta s&rsquo;imaginait d\u00e9j\u00e0 en 1\/2. C&rsquo;\u00e9tait sans compter sur le sursaut du PSG. Un sc\u00e9nario cruel&#8230; C&rsquo;est ce qui s&rsquo;appelle \u00eatre pass\u00e9 \u00e0 quelques minutes d&rsquo;un exploit retentissant&#8230; Ce mercredi soir, l&rsquo;Atalanta Bergame a longtemps pens\u00e9 avoir d\u00e9croch\u00e9 son billet pour le dernier carr\u00e9 de la Ligue des [&hellip;]<\/p>\n","protected":false},"author":1773,"featured_media":0,"comment_status":"closed","ping_status":"closed","sticky":false,"template":"","format":"standard","meta":{"fifu_image_url":"","fifu_image_alt":"","footnotes":""},"categories":[73,55],"tags":[],"class_list":["post-95637","post","type-post","status-publish","format-standard","hentry","category-actualite","category-tunisie"],"_links":{"self":[{"href":"https:\/\/linitiative.ca\/International\/wp-json\/wp\/v2\/posts\/95637","targetHints":{"allow":["GET"]}}],"collection":[{"href":"https:\/\/linitiative.ca\/International\/wp-json\/wp\/v2\/posts"}],"about":[{"href":"https:\/\/linitiative.ca\/International\/wp-json\/wp\/v2\/types\/post"}],"author":[{"embeddable":true,"href":"https:\/\/linitiative.ca\/International\/wp-json\/wp\/v2\/users\/1773"}],"replies":[{"embeddable":true,"href":"https:\/\/linitiative.ca\/International\/wp-json\/wp\/v2\/comments?post=95637"}],"version-history":[{"count":0,"href":"https:\/\/linitiative.ca\/International\/wp-json\/wp\/v2\/posts\/95637\/revisions"}],"wp:attachment":[{"href":"https:\/\/linitiative.ca\/International\/wp-json\/wp\/v2\/media?parent=95637"}],"wp:term":[{"taxonomy":"category","embeddable":true,"href":"https:\/\/linitiative.ca\/International\/wp-json\/wp\/v2\/categories?post=95637"},{"taxonomy":"post_tag","embeddable":true,"href":"https:\/\/linitiative.ca\/International\/wp-json\/wp\/v2\/tags?post=95637"}],"curies":[{"name":"wp","href":"https:\/\/api.w.org\/{rel}","templated":true}]}}