{"id":95640,"date":"2020-08-14T15:13:28","date_gmt":"2020-08-14T19:13:28","guid":{"rendered":"https:\/\/linitiative.ca\/International\/pros-galatasatay-en-colere-feghouli-decide-de-saisir-la-fifa\/"},"modified":"2020-08-14T15:13:28","modified_gmt":"2020-08-14T19:13:28","slug":"pros-galatasatay-en-colere-feghouli-decide-de-saisir-la-fifa","status":"publish","type":"post","link":"https:\/\/linitiative.ca\/International\/pros-galatasatay-en-colere-feghouli-decide-de-saisir-la-fifa\/","title":{"rendered":"Pros : Galatasatay: En col\u00e8re, Feghouli d\u00e9cide de saisir la FIFA"},"content":{"rendered":"<div readability=\"32\">\n<p>Auteur : <span>Riad O<\/span> <span class=\"time\">vendredi 14 ao\u00fbt 2020 15:37<\/span><\/p>\n<\/div>\n<div id=\"post_core\" readability=\"42\">\n<p>Le joueur milieu de terrain du Galatasaray, Sofiane Feghouli est tr\u00e8s en col\u00e8re contre ses dirigeants. A en croire la presse turque, le joueur de l\u2019EN aurait d\u00e9cid\u00e9 de saisir la FIFA en guise de contestation contre la non-r\u00e9gularisation de sa situation financi\u00e8re, mais aussi et surtout apr\u00e8s que ses dirigeants lui ont d\u00e9duit une partie de son salaire sans son autorisation. \u00a0Selon la m\u00eame source toujours, la r\u00e9ponse de la FIFA n\u2019a pas tard\u00e9 \u00e0 venir. L\u2019instance footballistique mondiale aurait envoy\u00e9 un avertissement \u00e0 la direction du Galatasaray en lui exigeant de faire vite pour payer Feghouli. C\u2019est ce qui confirme, une nouvelle fois, la relation tendue entre les deux parties, surtout que les responsables du Galatasaray tentent par tous les moyens de vendre Feghouli cet \u00e9t\u00e9. Rappelons que l\u2019ancien joueur de Valence est convoit\u00e9 par de nombreux clubs au Qatar.<\/p>\n<p><strong>Publi\u00e9 dans :<\/strong> <span>Feghouli<\/span><\/p>\n<\/div>\n<p>Auteur:<br \/>\n<a href=\"http:\/\/www.lebuteur.com\/article\/detail?titre=galatasatay-en-colere-feghouli-decide-de-saisir-la-fifa&#038;id=96908&#038;utm_source=feedburner&#038;utm_medium=feed&#038;utm_campaign=Feed%3A+GalerieFArtciles+%28Les+derniers+articles++-+lebuteur.com%29\">Cliquez ici pour lire l&rsquo;article depuis sa source.<\/a><\/p>\n","protected":false},"excerpt":{"rendered":"<p>Auteur : Riad O vendredi 14 ao\u00fbt 2020 15:37 Le joueur milieu de terrain du Galatasaray, Sofiane Feghouli est tr\u00e8s en col\u00e8re contre ses dirigeants. A en croire la presse turque, le joueur de l\u2019EN aurait d\u00e9cid\u00e9 de saisir la FIFA en guise de contestation contre la non-r\u00e9gularisation de sa situation financi\u00e8re, mais aussi et [&hellip;]<\/p>\n","protected":false},"author":1738,"featured_media":95641,"comment_status":"closed","ping_status":"closed","sticky":false,"template":"","format":"standard","meta":{"fifu_image_url":"","fifu_image_alt":"","footnotes":""},"categories":[53,75],"tags":[],"class_list":["post-95640","post","type-post","status-publish","format-standard","has-post-thumbnail","hentry","category-algerie","category-sport"],"_links":{"self":[{"href":"https:\/\/linitiative.ca\/International\/wp-json\/wp\/v2\/posts\/95640","targetHints":{"allow":["GET"]}}],"collection":[{"href":"https:\/\/linitiative.ca\/International\/wp-json\/wp\/v2\/posts"}],"about":[{"href":"https:\/\/linitiative.ca\/International\/wp-json\/wp\/v2\/types\/post"}],"author":[{"embeddable":true,"href":"https:\/\/linitiative.ca\/International\/wp-json\/wp\/v2\/users\/1738"}],"replies":[{"embeddable":true,"href":"https:\/\/linitiative.ca\/International\/wp-json\/wp\/v2\/comments?post=95640"}],"version-history":[{"count":0,"href":"https:\/\/linitiative.ca\/International\/wp-json\/wp\/v2\/posts\/95640\/revisions"}],"wp:featuredmedia":[{"embeddable":true,"href":"https:\/\/linitiative.ca\/International\/wp-json\/"}],"wp:attachment":[{"href":"https:\/\/linitiative.ca\/International\/wp-json\/wp\/v2\/media?parent=95640"}],"wp:term":[{"taxonomy":"category","embeddable":true,"href":"https:\/\/linitiative.ca\/International\/wp-json\/wp\/v2\/categories?post=95640"},{"taxonomy":"post_tag","embeddable":true,"href":"https:\/\/linitiative.ca\/International\/wp-json\/wp\/v2\/tags?post=95640"}],"curies":[{"name":"wp","href":"https:\/\/api.w.org\/{rel}","templated":true}]}}