{"id":95642,"date":"2020-08-14T15:13:30","date_gmt":"2020-08-14T19:13:30","guid":{"rendered":"https:\/\/linitiative.ca\/International\/international-real-madrid-deux-belles-pistes-pour-toni-kroos\/"},"modified":"2020-08-14T15:13:30","modified_gmt":"2020-08-14T19:13:30","slug":"international-real-madrid-deux-belles-pistes-pour-toni-kroos","status":"publish","type":"post","link":"https:\/\/linitiative.ca\/International\/international-real-madrid-deux-belles-pistes-pour-toni-kroos\/","title":{"rendered":"International : Real Madrid : Deux belles pistes pour Toni Kroos"},"content":{"rendered":"<div readability=\"32\">\n<p>Auteur : <span class=\"time\">vendredi 14 ao\u00fbt 2020 18:00<\/span><\/p>\n<\/div>\n<div id=\"post_core\" readability=\"44\">\n<p>L\u2019international allemand disposerait de deux belles pistes comme nous le r\u00e9v\u00e8le Les-Transferts. Il y a tout d\u2019abord\u00a0Manchester City. Pep Guardiola a toujours \u00e9t\u00e9 un fan du Madril\u00e8ne.\u00a0 Des discussions pourraient rapidement \u00eatre entam\u00e9es avec l\u2019entourage du joueur.<\/p>\n<p>Concernant la seconde piste, il s\u2019agit de\u00a0l\u2019Inter Milan. En effet, si Massimiliano Allegri venait \u00e0 remplacer Antonio Conte sur le banc des Nerrazzuri, il aurait demand\u00e9 la venue de l\u2019ancien bavarois. En cas de transfert, il serait estim\u00e9 \u00e0 60 millions d\u2019euros.<\/p>\n<p><strong>Publi\u00e9 dans :<\/strong> <span>Real Madrid : Toni Kroos<\/span><\/p>\n<\/div>\n<p>Auteur:<br \/>\n<a href=\"http:\/\/www.lebuteur.com\/article\/detail?titre=real-madrid-deux-belles-pistes-pour-toni-kroos&#038;id=96909&#038;utm_source=feedburner&#038;utm_medium=feed&#038;utm_campaign=Feed%3A+GalerieFArtciles+%28Les+derniers+articles++-+lebuteur.com%29\">Cliquez ici pour lire l&rsquo;article depuis sa source.<\/a><\/p>\n","protected":false},"excerpt":{"rendered":"<p>Auteur : vendredi 14 ao\u00fbt 2020 18:00 L\u2019international allemand disposerait de deux belles pistes comme nous le r\u00e9v\u00e8le Les-Transferts. Il y a tout d\u2019abord\u00a0Manchester City. Pep Guardiola a toujours \u00e9t\u00e9 un fan du Madril\u00e8ne.\u00a0 Des discussions pourraient rapidement \u00eatre entam\u00e9es avec l\u2019entourage du joueur. Concernant la seconde piste, il s\u2019agit de\u00a0l\u2019Inter Milan. En effet, si [&hellip;]<\/p>\n","protected":false},"author":1738,"featured_media":95643,"comment_status":"closed","ping_status":"closed","sticky":false,"template":"","format":"standard","meta":{"fifu_image_url":"","fifu_image_alt":"","footnotes":""},"categories":[53,75],"tags":[],"class_list":["post-95642","post","type-post","status-publish","format-standard","has-post-thumbnail","hentry","category-algerie","category-sport"],"_links":{"self":[{"href":"https:\/\/linitiative.ca\/International\/wp-json\/wp\/v2\/posts\/95642","targetHints":{"allow":["GET"]}}],"collection":[{"href":"https:\/\/linitiative.ca\/International\/wp-json\/wp\/v2\/posts"}],"about":[{"href":"https:\/\/linitiative.ca\/International\/wp-json\/wp\/v2\/types\/post"}],"author":[{"embeddable":true,"href":"https:\/\/linitiative.ca\/International\/wp-json\/wp\/v2\/users\/1738"}],"replies":[{"embeddable":true,"href":"https:\/\/linitiative.ca\/International\/wp-json\/wp\/v2\/comments?post=95642"}],"version-history":[{"count":0,"href":"https:\/\/linitiative.ca\/International\/wp-json\/wp\/v2\/posts\/95642\/revisions"}],"wp:featuredmedia":[{"embeddable":true,"href":"https:\/\/linitiative.ca\/International\/wp-json\/"}],"wp:attachment":[{"href":"https:\/\/linitiative.ca\/International\/wp-json\/wp\/v2\/media?parent=95642"}],"wp:term":[{"taxonomy":"category","embeddable":true,"href":"https:\/\/linitiative.ca\/International\/wp-json\/wp\/v2\/categories?post=95642"},{"taxonomy":"post_tag","embeddable":true,"href":"https:\/\/linitiative.ca\/International\/wp-json\/wp\/v2\/tags?post=95642"}],"curies":[{"name":"wp","href":"https:\/\/api.w.org\/{rel}","templated":true}]}}