{"id":95644,"date":"2020-08-14T15:13:32","date_gmt":"2020-08-14T19:13:32","guid":{"rendered":"https:\/\/linitiative.ca\/International\/pros-om-lopez-ca-avance-avec-seville\/"},"modified":"2020-08-14T15:13:32","modified_gmt":"2020-08-14T19:13:32","slug":"pros-om-lopez-ca-avance-avec-seville","status":"publish","type":"post","link":"https:\/\/linitiative.ca\/International\/pros-om-lopez-ca-avance-avec-seville\/","title":{"rendered":"Pros : OM : Lopez, \u00e7a avance avec S\u00e9ville"},"content":{"rendered":"<div readability=\"32\">\n<p>Auteur : <span class=\"time\">vendredi 14 ao\u00fbt 2020 18:30<\/span><\/p>\n<\/div>\n<div id=\"post_core\" readability=\"45\">\n<p>Selon Les-Transferts et Estadio Deportivo, le Phoc\u00e9en se rapproche bel et bien du club andalou.<\/p>\n<p>Ainsi, de son c\u00f4t\u00e9, Lopez a d\u00e9j\u00e0 trouv\u00e9 un accord contractuel pour un bail de 5 ans afin de rejoindre le r\u00e9cent 3e de Liga. Par contre, S\u00e9ville doit encore s&rsquo;entendre avec l&rsquo;OM concernant l&rsquo;indemnit\u00e9 de ce transfert, estim\u00e9e entre 8 et 12 millions d&rsquo;euros. Pour le moment, ce dossier se trouve en stand-by et le demi-finaliste de la Ligue Europa a pr\u00e9vu de le finaliser au terme de cette campagne europ\u00e9enne.<\/p>\n<p><strong>Publi\u00e9 dans :<\/strong> <span>FC S\u00e9ville<\/span> <span>OM : Maxime Lopez<\/span><\/p>\n<\/div>\n<p>Auteur:<br \/>\n<a href=\"http:\/\/www.lebuteur.com\/article\/detail?titre=om-lopez-ca-avance-avec-seville&#038;id=96910&#038;utm_source=feedburner&#038;utm_medium=feed&#038;utm_campaign=Feed%3A+GalerieFArtciles+%28Les+derniers+articles++-+lebuteur.com%29\">Cliquez ici pour lire l&rsquo;article depuis sa source.<\/a><\/p>\n","protected":false},"excerpt":{"rendered":"<p>Auteur : vendredi 14 ao\u00fbt 2020 18:30 Selon Les-Transferts et Estadio Deportivo, le Phoc\u00e9en se rapproche bel et bien du club andalou. Ainsi, de son c\u00f4t\u00e9, Lopez a d\u00e9j\u00e0 trouv\u00e9 un accord contractuel pour un bail de 5 ans afin de rejoindre le r\u00e9cent 3e de Liga. Par contre, S\u00e9ville doit encore s&rsquo;entendre avec l&rsquo;OM [&hellip;]<\/p>\n","protected":false},"author":1738,"featured_media":95645,"comment_status":"closed","ping_status":"closed","sticky":false,"template":"","format":"standard","meta":{"fifu_image_url":"","fifu_image_alt":"","footnotes":""},"categories":[53,75],"tags":[],"class_list":["post-95644","post","type-post","status-publish","format-standard","has-post-thumbnail","hentry","category-algerie","category-sport"],"_links":{"self":[{"href":"https:\/\/linitiative.ca\/International\/wp-json\/wp\/v2\/posts\/95644","targetHints":{"allow":["GET"]}}],"collection":[{"href":"https:\/\/linitiative.ca\/International\/wp-json\/wp\/v2\/posts"}],"about":[{"href":"https:\/\/linitiative.ca\/International\/wp-json\/wp\/v2\/types\/post"}],"author":[{"embeddable":true,"href":"https:\/\/linitiative.ca\/International\/wp-json\/wp\/v2\/users\/1738"}],"replies":[{"embeddable":true,"href":"https:\/\/linitiative.ca\/International\/wp-json\/wp\/v2\/comments?post=95644"}],"version-history":[{"count":0,"href":"https:\/\/linitiative.ca\/International\/wp-json\/wp\/v2\/posts\/95644\/revisions"}],"wp:featuredmedia":[{"embeddable":true,"href":"https:\/\/linitiative.ca\/International\/wp-json\/"}],"wp:attachment":[{"href":"https:\/\/linitiative.ca\/International\/wp-json\/wp\/v2\/media?parent=95644"}],"wp:term":[{"taxonomy":"category","embeddable":true,"href":"https:\/\/linitiative.ca\/International\/wp-json\/wp\/v2\/categories?post=95644"},{"taxonomy":"post_tag","embeddable":true,"href":"https:\/\/linitiative.ca\/International\/wp-json\/wp\/v2\/tags?post=95644"}],"curies":[{"name":"wp","href":"https:\/\/api.w.org\/{rel}","templated":true}]}}