{"id":95646,"date":"2020-08-14T15:13:35","date_gmt":"2020-08-14T19:13:35","guid":{"rendered":"https:\/\/linitiative.ca\/International\/ligue-des-champions-man-city-guardiola-nous-avons-elimine-les-rois-de-la-competition-mais\/"},"modified":"2020-08-14T15:13:35","modified_gmt":"2020-08-14T19:13:35","slug":"ligue-des-champions-man-city-guardiola-nous-avons-elimine-les-rois-de-la-competition-mais","status":"publish","type":"post","link":"https:\/\/linitiative.ca\/International\/ligue-des-champions-man-city-guardiola-nous-avons-elimine-les-rois-de-la-competition-mais\/","title":{"rendered":"Ligue des Champions : Man City &#8211; Guardiola : \u00ab\u00a0Nous avons \u00e9limin\u00e9 les rois de la comp\u00e9tition, mais&#8230;\u00a0\u00bb"},"content":{"rendered":"<div readability=\"32\">\n<p>Auteur : <span class=\"time\">vendredi 14 ao\u00fbt 2020 19:30<\/span><\/p>\n<\/div>\n<div id=\"post_core\" readability=\"50\">\n<p>Si Manchester City est logiquement favori face \u00e0 Lyon samedi, Pep Guardiola estime que le format sur un match redistribue les cartes :<\/p>\n<p>\u00ab\u00a0J\u2019aimerais vous dire ce qu\u2019il va se passer demain mais je peux simplement dire que nous sommes pr\u00e9par\u00e9s. Je suis fier de ce que produisent mes joueurs depuis trois semaines. Demain, nous devons montrer qui nous sommes. Je veux voir mes joueurs jouer avec leur t\u00eate et apr\u00e8s \u00e7a, la loi du football d\u00e9cidera si nous m\u00e9ritons de passer ou non.\u00a0\u00bb\u00a0<\/p>\n<p>\u00ab\u00a0Nous sommes parmi les favoris, nous avons \u00e9limin\u00e9\u00a0les rois de la comp\u00e9tition (Real Madrid) mais quand vous jouez un seul match pour se qualifier, tout peut se passer\u00a0\u00bb, a d\u00e9clar\u00e9 Guardiola comme rapport\u00e9 par Goal.<\/p>\n<p><strong>Publi\u00e9 dans :<\/strong> <span>Manchester City<\/span><\/p>\n<\/div>\n<p>Auteur:<br \/>\n<a href=\"http:\/\/www.lebuteur.com\/article\/detail?titre=man-city-guardiola-nous-avons-elimine-les-rois-de-la-competition-mais&#038;id=96911&#038;utm_source=feedburner&#038;utm_medium=feed&#038;utm_campaign=Feed%3A+GalerieFArtciles+%28Les+derniers+articles++-+lebuteur.com%29\">Cliquez ici pour lire l&rsquo;article depuis sa source.<\/a><\/p>\n","protected":false},"excerpt":{"rendered":"<p>Auteur : vendredi 14 ao\u00fbt 2020 19:30 Si Manchester City est logiquement favori face \u00e0 Lyon samedi, Pep Guardiola estime que le format sur un match redistribue les cartes : \u00ab\u00a0J\u2019aimerais vous dire ce qu\u2019il va se passer demain mais je peux simplement dire que nous sommes pr\u00e9par\u00e9s. Je suis fier de ce que produisent [&hellip;]<\/p>\n","protected":false},"author":1738,"featured_media":95647,"comment_status":"closed","ping_status":"closed","sticky":false,"template":"","format":"standard","meta":{"fifu_image_url":"","fifu_image_alt":"","footnotes":""},"categories":[53,75],"tags":[],"class_list":["post-95646","post","type-post","status-publish","format-standard","has-post-thumbnail","hentry","category-algerie","category-sport"],"_links":{"self":[{"href":"https:\/\/linitiative.ca\/International\/wp-json\/wp\/v2\/posts\/95646","targetHints":{"allow":["GET"]}}],"collection":[{"href":"https:\/\/linitiative.ca\/International\/wp-json\/wp\/v2\/posts"}],"about":[{"href":"https:\/\/linitiative.ca\/International\/wp-json\/wp\/v2\/types\/post"}],"author":[{"embeddable":true,"href":"https:\/\/linitiative.ca\/International\/wp-json\/wp\/v2\/users\/1738"}],"replies":[{"embeddable":true,"href":"https:\/\/linitiative.ca\/International\/wp-json\/wp\/v2\/comments?post=95646"}],"version-history":[{"count":0,"href":"https:\/\/linitiative.ca\/International\/wp-json\/wp\/v2\/posts\/95646\/revisions"}],"wp:featuredmedia":[{"embeddable":true,"href":"https:\/\/linitiative.ca\/International\/wp-json\/"}],"wp:attachment":[{"href":"https:\/\/linitiative.ca\/International\/wp-json\/wp\/v2\/media?parent=95646"}],"wp:term":[{"taxonomy":"category","embeddable":true,"href":"https:\/\/linitiative.ca\/International\/wp-json\/wp\/v2\/categories?post=95646"},{"taxonomy":"post_tag","embeddable":true,"href":"https:\/\/linitiative.ca\/International\/wp-json\/wp\/v2\/tags?post=95646"}],"curies":[{"name":"wp","href":"https:\/\/api.w.org\/{rel}","templated":true}]}}