{"id":95664,"date":"2020-08-14T07:57:00","date_gmt":"2020-08-14T11:57:00","guid":{"rendered":"https:\/\/linitiative.ca\/International\/garden-party-du-13-aout-a-carthage-en-mode-kais-saied-album-photo\/"},"modified":"2020-08-14T07:57:00","modified_gmt":"2020-08-14T11:57:00","slug":"garden-party-du-13-aout-a-carthage-en-mode-kais-saied-album-photo","status":"publish","type":"post","link":"https:\/\/linitiative.ca\/International\/garden-party-du-13-aout-a-carthage-en-mode-kais-saied-album-photo\/","title":{"rendered":"Garden party du 13 ao\u00fbt \u00e0 Carthage, en mode Kais Sa\u00efed (Album Photo)"},"content":{"rendered":"<p class=\"c2\">Le palais de Carthage, avec sa grande salle de Ball Room et ses larges terrasses donnant sur la mer, est le m\u00eame depuis que Bourguiba l\u2019avait reconstruit d\u00e9but des ann\u00e9es 1960.\u00a0 Le c\u00e9r\u00e9monial est identique et la d\u00e9coration du podium pr\u00e9sidentiel, con\u00e7ue sous B\u00e9ji Ca\u00efd Essebsi a \u00e9t\u00e9 gard\u00e9e. Pourtant, tout ou presque a chang\u00e9, en ce 13 ao\u00fbt 2020, jour de c\u00e9l\u00e9bration de la F\u00eate de la Femme. Le nouveau locataire du Palais, le pr\u00e9sident Kais Sa\u00efed, y a imprim\u00e9 ses marques tant au niveau du choix des invit\u00e9es qu&rsquo;\u00e0 celui du d\u00e9roul\u00e9 de la r\u00e9ception offerte en leur honneur, comme surtout dans le discours prononc\u00e9 \u00e0 cette occasion. Deux Tunisies, deux styles. R\u00e9cit.<\/p>\n<p class=\"c2\">La cuv\u00e9e 2020 de ce qui devait \u00eatre la Garden Party du 13 ao\u00fbt ne pouvait \u00e9chapper \u00e0 deux faits majeurs. D\u2019abord, la distanciation physique impos\u00e9e par les r\u00e8gles prudentielles anti-Covid-19. D\u2019o\u00f9 la r\u00e9duction quasiment par deux du nombre des invit\u00e9es, avec la distribution de masques \u00e0 l\u2019arriv\u00e9e, prise de temp\u00e9rature et \u00e9loignement des chaises et rang\u00e9es. Beaucoup \u00e9taient g\u00ean\u00e9es ne savant pas si elles devaient garder le masque tout au long de la c\u00e9r\u00e9monie, sous une chaleur prononc\u00e9e, ou le ranger au fond du sac, une fois les premiers moments pass\u00e9s. Chacune se fiera \u00e0 son intuition.<\/p>\n<p class=\"c2\"><span class=\"c5\"><span class=\"c4\"><strong>Ambiance de fin de mission pour le gouvernement, en attendant le suivant<\/strong><\/span><\/span><\/p>\n<p class=\"c2\">Deuxi\u00e8me fait significatif, la d\u00e9mission du gouvernement Fakhfakh. La Tunisie se retrouve comme en ao\u00fbt 2016, lorsque Habib Essid n\u2019avait pas obtenu le renouvellement de confiance du Parlement en faveur de son gouvernement, et son successeur pressenti, Youssef Chahed, commen\u00e7ait \u00e0 peine ses consultations. Sauf que Essid partait sur une man\u0153uvre politique foment\u00e9e par les siens, tandis que Fakhfakh a \u00e9t\u00e9 pouss\u00e9 \u00e0 la sortie par des affaires de conflit d\u2019int\u00e9r\u00eats, voire plus. Quant au nouveau candidat \u00e0 la Kasbah, Hichem Mechichi a clairement annonc\u00e9 sa d\u00e9cision de n\u2019appeler \u00e0 ses c\u00f4t\u00e9s que des ind\u00e9pendants. Tous se bousculent alors au portillon\u2026<\/p>\n<p class=\"c2\"><span class=\"c5\"><span class=\"c4\"><strong>Aux aurores, pour \u00e9grener les messages<\/strong><\/span><\/span><\/p>\n<p class=\"c2\">Faudrait-il ajouter un troisi\u00e8me \u00e9l\u00e9ment frappant : l\u2019engagement personnel du Pr\u00e9sident Sa\u00efed en faveur de \u00ab l\u2019autre femme tunisienne \u00bb, celle des aurores, des champs et de la premi\u00e8re cord\u00e9e. T\u00f4t le matin, ce jeudi 13 ao\u00fbt, il \u00e9tait parti \u00e0 Boussalem, dans un champ de cultures mara\u00eech\u00e8res et de plantes aromatis\u00e9es, souhaiter bonne f\u00eate \u00e0 des femmes qui triment. Pay\u00e9es \u00e0 10 D la journ\u00e9e, sans la moindre couverture sociale ou assurance-sant\u00e9, et sans contrat de travail, elles repr\u00e9sentent cette large frange de femmes rurales pr\u00e9caris\u00e9es. On est loin des \u00ab femmes opulence \u00bb, des soir\u00e9es, restaurants et h\u00f4tels, comme ne manquera pas de le souligner le pr\u00e9sident de la R\u00e9publique. Au passage, il se rendra au chevet de Radhia Nassraoui, et de Dalenda Abdou, en clin d\u2019\u0153il \u00e0 une grande militante pour la D\u00e9mocratie et \u00e0 une com\u00e9dienne tr\u00e8s populaire.<\/p>\n<p class=\"c2\">\u00ab Dans son \u00e9lan antisyst\u00e8me, n\u2019en d\u00e9plaise \u00e0 ceux qui le taxent de populisme, Kais Sa\u00efed \u00e9tait sinc\u00e8rement fid\u00e8le \u00e0 ses convictions : \u00ab Plus jamais \u00e7a ! \u00bb, souffle une voisine de chaise dans la grande salle de Carthage. Comment ? Il ne d\u00e9taillera pas dans son discours les mesures qu\u2019il compte prendre. Ceux qui s&rsquo;y attendaient resteront sur leur faim. Est-ce l\u00e0 une rupture avec le style de ses pr\u00e9d\u00e9cesseurs avides d\u2019effets d\u2019annonce \u00e0 chaque c\u00e9l\u00e9bration ?<\/p>\n<p class=\"c2\">A voir les invit\u00e9es \u00e0 la c\u00e9r\u00e9monie de l\u2019apr\u00e8s-midi, on reconna\u00eet deux Tunisies. Celle des salons, bureaux et plateaux, et celles des champs. Tenues soign\u00e9es, accessoires luxueux et belles coiffures contrastent avec les pieds en henn\u00e9, parfois un fichu ou un foulard sur la t\u00eate. Des femmes venues de la capitale et de grandes proches villes en voitures officielles ou personnelles et d\u2019autres arriv\u00e9es des r\u00e9gions par minibus sp\u00e9cialement affr\u00e9t\u00e9s. Mais, au fond et c\u2019est l\u2019essentiel, toutes sont des femmes\u2026<\/p>\n<p class=\"c2\"><span class=\"c5\"><span class=\"c4\"><strong>Un cours inaugural<\/strong><\/span><\/span><\/p>\n<p class=\"c2\">Pour son premier discours 13 ao\u00fbt, en professeur de droit, le chef d\u2019\u00c9tat s\u2019est livr\u00e9 \u00e0 un cours inaugural, dans un genre jusque-l\u00e0 in\u00e9dit au palais de la R\u00e9publique. \u00c9tait-ce le moment ? Pour lui, sans aucun doute. Kais Sa\u00efed ne rate aucune occasion pour d\u00e9velopper sa pens\u00e9e. A l\u2019acad\u00e9mie militaire de Fondouk Jedid, comme devant les forces sp\u00e9ciales \u00e0 Menzel Jemil, r\u00e9cemment, il d\u00e9lie des r\u00e9flexions et ass\u00e8ne des mises en garde.<\/p>\n<p class=\"c2\">Cette fois-ci, sa lecture des droits de la femme, puis\u00e9e dans une interpr\u00e9tation des textes coraniques et la l\u00e9gislation, peut d\u2019embl\u00e9e para\u00eetre difficile \u00e0 cerner par le commun des citoyens. Elle s\u2019av\u00e8re, en fait, r\u00e9v\u00e9latrice de prises de positions qui ouvrent de grands d\u00e9bats, contradictoires. Mais, c\u2019est du Kais Sa\u00efed, entier et pur jus. Au premier rang des officiels, Rached Ghannouchi, pr\u00e9sident de l\u2019ARP et chef d\u2019Ennahdha y pr\u00eate une \u00e9coute attentive sans laisser transpara\u00eetre sa pens\u00e9e. \u00ab\u00a0L\u2019\u00e9galit\u00e9 dans l\u2019h\u00e9ritage, qu\u2019il consid\u00e8re clairement d\u00e9finie dans le texte coranique est selon lui \u00ab\u00a0un faux probl\u00e8me attis\u00e9 par une vision lib\u00e9rale qui en fait une simple \u00e9quit\u00e9 formelle et illusoire. Elle ne saurait se transformer en source de discorde et facteur de clivages. Nul ne peut se pr\u00e9valoir d\u2019une l\u00e9gitimit\u00e9 pour imposer ses vues aux Tunisiens\u00a0\u00bb, assure-t-il.. Murmures dans la salle.<\/p>\n<p class=\"c2\"><span class=\"c5\"><span class=\"c4\"><strong>Le ruban de la R\u00e9publique<\/strong><\/span><\/span><\/p>\n<p class=\"c2\">On arrive alors au clou de la c\u00e9r\u00e9monie : la remise des d\u00e9corations. Premi\u00e8re r\u00e9cipiendaire du Cordon de grand commandeur dans l\u2019ordre de la R\u00e9publique, la ministre de la Justice, Thouraya Jeribi. Suivent 33 autres femmes de diff\u00e9rents corps et diverses sp\u00e9cialit\u00e9s et r\u00e9gions. Magistrates, militaires, haut-fonctionnaires, communicatrices, s\u00e9curitaires, m\u00e9decins, universitaires, artisanes, chefs d\u2019entreprise et simples ouvri\u00e8res \u00e9m\u00e9rites. Un dosage qui a d\u00fb prendre en compte des crit\u00e8res fix\u00e9s par le pr\u00e9sident de la R\u00e9publique.\u00a0<\/p>\n<p class=\"c2\"><span class=\"c5\"><span class=\"c4\"><strong>Mechichi et Fakhfakh<\/strong><\/span><\/span><\/p>\n<p class=\"c2\">Commence alors la r\u00e9ception. Le pr\u00e9sident Sa\u00efed se retire. Alors qu\u2019un buffet bien garni est ouvert sur la terrasse. Les invit\u00e9es se pressent autour des ministres. Chacun y va de sa sollicitation. Hichem Mechichi est le plus entour\u00e9. Compr\u00e9hensible. Ely\u00e8s Fakhfakh se tient \u00e0 l\u2019\u00e9cart. Ainsi va la vie politique.<\/p>\n<p class=\"c6\"><strong>F.H.<\/strong><\/p>\n<p>Auteur:<br \/>\n<a href=\"https:\/\/www.leaders.com.tn\/article\/30424-garden-party-du-13-aout-a-carthage-en-mode-kais-saied-album-photo\">Cliquez ici pour lire l&rsquo;article depuis sa source.<\/a><\/p>\n","protected":false},"excerpt":{"rendered":"<p>Le palais de Carthage, avec sa grande salle de Ball Room et ses larges terrasses donnant sur la mer, est le m\u00eame depuis que Bourguiba l\u2019avait reconstruit d\u00e9but des ann\u00e9es 1960.\u00a0 Le c\u00e9r\u00e9monial est identique et la d\u00e9coration du podium pr\u00e9sidentiel, con\u00e7ue sous B\u00e9ji Ca\u00efd Essebsi a \u00e9t\u00e9 gard\u00e9e. Pourtant, tout ou presque a chang\u00e9, [&hellip;]<\/p>\n","protected":false},"author":1772,"featured_media":0,"comment_status":"closed","ping_status":"closed","sticky":false,"template":"","format":"standard","meta":{"fifu_image_url":"","fifu_image_alt":"","footnotes":""},"categories":[73,55],"tags":[],"class_list":["post-95664","post","type-post","status-publish","format-standard","hentry","category-actualite","category-tunisie"],"_links":{"self":[{"href":"https:\/\/linitiative.ca\/International\/wp-json\/wp\/v2\/posts\/95664","targetHints":{"allow":["GET"]}}],"collection":[{"href":"https:\/\/linitiative.ca\/International\/wp-json\/wp\/v2\/posts"}],"about":[{"href":"https:\/\/linitiative.ca\/International\/wp-json\/wp\/v2\/types\/post"}],"author":[{"embeddable":true,"href":"https:\/\/linitiative.ca\/International\/wp-json\/wp\/v2\/users\/1772"}],"replies":[{"embeddable":true,"href":"https:\/\/linitiative.ca\/International\/wp-json\/wp\/v2\/comments?post=95664"}],"version-history":[{"count":0,"href":"https:\/\/linitiative.ca\/International\/wp-json\/wp\/v2\/posts\/95664\/revisions"}],"wp:attachment":[{"href":"https:\/\/linitiative.ca\/International\/wp-json\/wp\/v2\/media?parent=95664"}],"wp:term":[{"taxonomy":"category","embeddable":true,"href":"https:\/\/linitiative.ca\/International\/wp-json\/wp\/v2\/categories?post=95664"},{"taxonomy":"post_tag","embeddable":true,"href":"https:\/\/linitiative.ca\/International\/wp-json\/wp\/v2\/tags?post=95664"}],"curies":[{"name":"wp","href":"https:\/\/api.w.org\/{rel}","templated":true}]}}