{"id":95709,"date":"2020-08-14T15:14:02","date_gmt":"2020-08-14T19:14:02","guid":{"rendered":"https:\/\/linitiative.ca\/International\/cemac-les-etats-envisagent-des-mesures-supplementaires-plus-ambitieuses-de-relance-post-covid\/"},"modified":"2020-08-14T15:14:02","modified_gmt":"2020-08-14T19:14:02","slug":"cemac-les-etats-envisagent-des-mesures-supplementaires-plus-ambitieuses-de-relance-post-covid","status":"publish","type":"post","link":"https:\/\/linitiative.ca\/International\/cemac-les-etats-envisagent-des-mesures-supplementaires-plus-ambitieuses-de-relance-post-covid\/","title":{"rendered":"Cemac : les Etats envisagent des mesures suppl\u00e9mentaires plus ambitieuses de relance post-covid"},"content":{"rendered":"<div class=\"featured-area featured-area-inner\"><img loading=\"lazy\" decoding=\"async\" width=\"800\" height=\"400\" src=\"https:\/\/ecomatin.net\/wp-content\/uploads\/2020\/08\/CEMAC-1.jpg\" class=\"attachment-full size-full wp-post-image\" alt=\"\" srcset=\"https:\/\/ecomatin.net\/wp-content\/uploads\/2020\/08\/CEMAC-1.jpg 800w, https:\/\/ecomatin.net\/wp-content\/uploads\/2020\/08\/CEMAC-1-300x150.jpg 300w, https:\/\/ecomatin.net\/wp-content\/uploads\/2020\/08\/CEMAC-1-768x384.jpg 768w, https:\/\/ecomatin.net\/wp-content\/uploads\/2020\/08\/CEMAC-1-600x300.jpg 600w\" sizes=\"auto, (max-width: 800px) 100vw, 800px\" data-attachment-id=\"17855\" data-permalink=\"https:\/\/ecomatin.net\/cemac-les-etats-envisagent-des-mesures-supplementaires-plus-ambitieuses-de-relance-post-covid\/cemac-5\/\" data-orig-file=\"https:\/\/ecomatin.net\/wp-content\/uploads\/2020\/08\/CEMAC-1.jpg\" data-orig-size=\"800,400\" data-comments-opened=\"0\" data-image-meta=\"{&quot;aperture&quot;:&quot;0&quot;,&quot;credit&quot;:&quot;&quot;,&quot;camera&quot;:&quot;&quot;,&quot;caption&quot;:&quot;&quot;,&quot;created_timestamp&quot;:&quot;0&quot;,&quot;copyright&quot;:&quot;&quot;,&quot;focal_length&quot;:&quot;0&quot;,&quot;iso&quot;:&quot;0&quot;,&quot;shutter_speed&quot;:&quot;0&quot;,&quot;title&quot;:&quot;&quot;,&quot;orientation&quot;:&quot;0&quot;}\" data-image-title=\"CEMAC\" data-image-description=\"\" data-medium-file=\"https:\/\/ecomatin.net\/wp-content\/uploads\/2020\/08\/CEMAC-1-300x150.jpg\" data-large-file=\"https:\/\/ecomatin.net\/wp-content\/uploads\/2020\/08\/CEMAC-1.jpg\"\/><\/div>\n<div class=\"entry-content entry clearfix\" readability=\"47.555460750853\">\n<p>La 11<sup>e<\/sup>\u00a0session ordinaire du Comit\u00e9 de pilotage du Programme des r\u00e9formes \u00e9conomiques et financi\u00e8res de la Cemac (Pref-Cemac), s\u2019est tenue le 3 ao\u00fbt 2020 par visioconf\u00e9rence sous la pr\u00e9sidence de Gilbert Ondongo ministre d\u2019Etat, ministre de l\u2019Economie, de l\u2019industrie et du portefeuille public de la R\u00e9publique du Congo,\u00a0 pr\u00e9sident dudit comit\u00e9.<\/p>\n<p>Au cours des \u00e9changes, il a \u00e9t\u00e9 question du plan de relance communautaire post-covid-19. A ce sujet, le Copil Pref-Cemac fait savoir qu\u2019il a d\u00e9j\u00e0 valid\u00e9 le plan de relance actuel. Ce dernier s\u2019articulant sur 2 axes qui sont d\u2019une part les mesures d\u00e9j\u00e0 inscrites dans le Pref-Cemac, dont les modalit\u00e9s d\u2019application devront \u00eatre revues et acc\u00e9l\u00e9r\u00e9e et d\u2019autre part des mesures exceptionnelles de riposte, compte tenu des faiblesses structurelles r\u00e9v\u00e9l\u00e9es par la pand\u00e9mie Covid-19. Sur le long terme, le Copil demande que soient envisag\u00e9es des mesures suppl\u00e9mentaires plus ambitieuses de relance et de d\u00e9veloppement. Il s\u2019agit de trois points\u00a0que sont\u00a0: une initiative communautaire de r\u00e8glement de la dette int\u00e9rieure, faisant appel \u00e0 de nouveaux m\u00e9canisme de financement\u00a0; un grand projet d\u2019industrialisation communautaire bas\u00e9 sur le d\u00e9veloppement des cha\u00eenes de valeur propres \u00e0 l\u2019Afrique centrale avec des segments de ces cha\u00eenes de valeur dans les pays membres\u00a0; une grande universit\u00e9 d\u2019Afrique centrale (partant des mati\u00e8res premi\u00e8res dont abondent les Etats de la Cemac) avec des segments de ces cha\u00eenes de valeurs dans tous les pays membre et une grande universit\u00e9 d\u2019Afrique centrale, avec des campus de sp\u00e9cialisation dans chaque pays .<\/p>\n<p><strong>Lire aussi<\/strong> : \u00a0<a href=\"https:\/\/ecomatin.net\/cemac-la-suspension-des-criteres-de-convergence-reportee-sine-die\/\">Cemac: la suspension des crit\u00e8res de convergence report\u00e9e sine die<\/a><\/p>\n<p><strong>Programme avec le FMI<\/strong><\/p>\n<p>Sur ce point, le Copil a demand\u00e9 que trois grandes cat\u00e9gories d\u2019objectifs soient assign\u00e9es aux accords avec l\u2019Institution de Brettons Woods. Il s\u2019agit des objectifs de d\u00e9veloppement \u00e0 caract\u00e8re social notamment le capital humain, la r\u00e9duction substantielle de la pauvret\u00e9 et l\u2019am\u00e9lioration\u00a0 g\u00e9n\u00e9rale des conditions de vie des populations. En deuxi\u00e8me lieu les objectifs \u00e0 caract\u00e8re \u00e9conomique qui concerne la modification profonde de la structure \u00e9conomique (se traduisant entre autres par l\u2019augmentation significative de la contribution des secteurs de l\u2019agriculture et de l\u2019\u00e9levage ainsi que des industries de transformation des produits locaux, dans la formation du PIB) des pays de la Cemac.<\/p>\n<p><strong>Lire aussi<\/strong> : <a href=\"https:\/\/ecomatin.net\/cemac-les-frais-de-titre-de-sejour-harmonises\/\">Cemac\u00a0: les frais de titre de s\u00e9jour harmonis\u00e9s<\/a><\/p>\n<p>Il est aussi ressorti au cours de cette 11<sup>e<\/sup>\u00a0session que les pr\u00eats accord\u00e9s par la Bdeac aux Etats de la Cemac pour le financement des projets publics portant sur lutte contre le Coronavirus, font partie de la dette int\u00e9rieure et sont consid\u00e9rer comme telle par les partenaires techniques et financiers.<\/p>\n<p><strong>Lire aussi<\/strong> : <a href=\"https:\/\/ecomatin.net\/les-etats-de-la-cemac-demandent-la-suspension-des-criteres-de-convergence\/\">\u00a0Les Etats de la Cemac demandent la suspension des crit\u00e8res de convergence<\/a><\/p>\n<div class=\"awac-wrapper awac widget posts-list-widget-11\">\n<h4 class=\"widget-title\">Le plus r\u00e9cent<\/h4>\n<\/div>\n<\/div>\n<p>Auteur: Eco Matin<br \/>\n<a href=\"https:\/\/ecomatin.net\/cemac-les-etats-envisagent-des-mesures-supplementaires-plus-ambitieuses-de-relance-post-covid\/\">Cliquez ici pour lire l&rsquo;article depuis sa source.<\/a><\/p>\n","protected":false},"excerpt":{"rendered":"<p>La 11e\u00a0session ordinaire du Comit\u00e9 de pilotage du Programme des r\u00e9formes \u00e9conomiques et financi\u00e8res de la Cemac (Pref-Cemac), s\u2019est tenue le 3 ao\u00fbt 2020 par visioconf\u00e9rence sous la pr\u00e9sidence de Gilbert Ondongo ministre d\u2019Etat, ministre de l\u2019Economie, de l\u2019industrie et du portefeuille public de la R\u00e9publique du Congo,\u00a0 pr\u00e9sident dudit comit\u00e9. Au cours des \u00e9changes, [&hellip;]<\/p>\n","protected":false},"author":1969,"featured_media":95710,"comment_status":"closed","ping_status":"closed","sticky":false,"template":"","format":"standard","meta":{"fifu_image_url":"","fifu_image_alt":"","footnotes":""},"categories":[82,78],"tags":[],"class_list":["post-95709","post","type-post","status-publish","format-standard","has-post-thumbnail","hentry","category-cameroun","category-economie"],"_links":{"self":[{"href":"https:\/\/linitiative.ca\/International\/wp-json\/wp\/v2\/posts\/95709","targetHints":{"allow":["GET"]}}],"collection":[{"href":"https:\/\/linitiative.ca\/International\/wp-json\/wp\/v2\/posts"}],"about":[{"href":"https:\/\/linitiative.ca\/International\/wp-json\/wp\/v2\/types\/post"}],"author":[{"embeddable":true,"href":"https:\/\/linitiative.ca\/International\/wp-json\/wp\/v2\/users\/1969"}],"replies":[{"embeddable":true,"href":"https:\/\/linitiative.ca\/International\/wp-json\/wp\/v2\/comments?post=95709"}],"version-history":[{"count":0,"href":"https:\/\/linitiative.ca\/International\/wp-json\/wp\/v2\/posts\/95709\/revisions"}],"wp:featuredmedia":[{"embeddable":true,"href":"https:\/\/linitiative.ca\/International\/wp-json\/"}],"wp:attachment":[{"href":"https:\/\/linitiative.ca\/International\/wp-json\/wp\/v2\/media?parent=95709"}],"wp:term":[{"taxonomy":"category","embeddable":true,"href":"https:\/\/linitiative.ca\/International\/wp-json\/wp\/v2\/categories?post=95709"},{"taxonomy":"post_tag","embeddable":true,"href":"https:\/\/linitiative.ca\/International\/wp-json\/wp\/v2\/tags?post=95709"}],"curies":[{"name":"wp","href":"https:\/\/api.w.org\/{rel}","templated":true}]}}