{"id":95711,"date":"2020-08-14T15:20:24","date_gmt":"2020-08-14T19:20:24","guid":{"rendered":"https:\/\/linitiative.ca\/International\/henri-eyebe-ayissi-suspend-le-contrat-de-bail-provisoire-avec-neo-industry-s-a\/"},"modified":"2020-08-14T15:20:24","modified_gmt":"2020-08-14T19:20:24","slug":"henri-eyebe-ayissi-suspend-le-contrat-de-bail-provisoire-avec-neo-industry-s-a","status":"publish","type":"post","link":"https:\/\/linitiative.ca\/International\/henri-eyebe-ayissi-suspend-le-contrat-de-bail-provisoire-avec-neo-industry-s-a\/","title":{"rendered":"Henri Eyebe Ayissi suspend le contrat de bail provisoire avec Neo Industry S.A"},"content":{"rendered":"<div class=\"featured-area featured-area-inner\" readability=\"7\"><img loading=\"lazy\" decoding=\"async\" width=\"300\" height=\"168\" src=\"https:\/\/ecomatin.net\/wp-content\/uploads\/2020\/08\/Vall\u00e9e-DU-ntem.jpg\" class=\"attachment-full size-full wp-post-image\" alt=\"\" data-attachment-id=\"17858\" data-permalink=\"https:\/\/ecomatin.net\/henri-eyebe-ayissi-suspend-le-contrat-de-bail-provisoire-avec-neo-industry-s-a\/vallee-du-ntem\/\" data-orig-file=\"https:\/\/ecomatin.net\/wp-content\/uploads\/2020\/08\/Vall&#xE9;e-DU-ntem.jpg\" data-orig-size=\"300,168\" data-comments-opened=\"0\" data-image-meta=\"{&quot;aperture&quot;:&quot;0&quot;,&quot;credit&quot;:&quot;&quot;,&quot;camera&quot;:&quot;&quot;,&quot;caption&quot;:&quot;&quot;,&quot;created_timestamp&quot;:&quot;0&quot;,&quot;copyright&quot;:&quot;&quot;,&quot;focal_length&quot;:&quot;0&quot;,&quot;iso&quot;:&quot;0&quot;,&quot;shutter_speed&quot;:&quot;0&quot;,&quot;title&quot;:&quot;&quot;,&quot;orientation&quot;:&quot;0&quot;}\" data-image-title=\"Vall&#xE9;e DU ntem\" data-image-description=\"\" data-medium-file=\"https:\/\/ecomatin.net\/wp-content\/uploads\/2020\/08\/Vall&#xE9;e-DU-ntem.jpg\" data-large-file=\"https:\/\/ecomatin.net\/wp-content\/uploads\/2020\/08\/Vall&#xE9;e-DU-ntem.jpg\"\/> une vue de la r\u00e9serve foresti\u00e8re dans la Vall\u00e9e du Ntem<\/div>\n<div class=\"entry-content entry clearfix\" readability=\"41.318381277426\">\n<p>Le ministre des Domaines, du Cadastre et des Affaires fonci\u00e8res (Mindcaf) Henri Eyebe Ayissi a adress\u00e9 ce 14 ao\u00fbt une lettre au Pr\u00e9fet de la Vall\u00e9e du Ntem, dont l\u2019objet portait sur la suspension des effets du contrat de bail provisoire entre l\u2019Etat et la soci\u00e9t\u00e9 Neo Industry S.A. \u00ab\u00a0<em>J\u2019ai l\u2019honneur de vous faire conna\u00eetre que j\u2019ai d\u00e9cid\u00e9 de suspendre, jusqu\u2019\u00e0 nouvel avis, les effets du contrat de bail provisoire sign\u00e9 le 27 mars 2020, entre l\u2019Etat du Cameroun et la soci\u00e9t\u00e9 Neo Industry S.A pour le d\u00e9veloppement des plantations cacaoy\u00e8res aux lieux-dits \u00ab\u00a0Nlono\u00a0\u00bb, \u00ab\u00a0Messama\u00a0\u00bb et \u00ab\u00a0Zaminkan\u00a0\u00bb, d\u00e9partement de la Vall\u00e9e du Ntem, r\u00e9gion du Sud, conform\u00e9ment aux recommandations pertinentes du rapport issu de vos concertations, dans l\u2019optique de l\u2019apaisement des esprits et de recherche d\u2019un consensus positif et dynamique avec les populations locales dans le dossier\u00a0<\/em>\u00bb, peut-on lire.<\/p>\n<p>La d\u00e9cision de Henri Eyebe Ayissi intervient apr\u00e8s celle du pr\u00e9fet du 12 ao\u00fbt dans laquelle il transmettait au Mindcaf, le rapport sp\u00e9cial\u00a0 de la r\u00e9union de concertation relative aux\u00a0 multiples requ\u00eates introduites par les \u00e9lites du d\u00e9partement de la Vall\u00e9e du Ntem en rapport avec l\u2019attribution de ces terres.<\/p>\n<p><strong>Lire aussi<\/strong> : <a href=\"https:\/\/ecomatin.net\/vallee-du-ntem-66-430-hectares-divisent-letat-et-les-populations\/\">Vall\u00e9e du Ntem : 66 430 hectares divisent l\u2019Etat et les populations<\/a><\/p>\n<p>Rappelons que ce diff\u00e9rend foncier nait du m\u00e9contentent des autorit\u00e9s traditionnelles Mva\u00eb et Ntoumou \u00e0 la suite de l\u2019attribution 66\u00a0430 hectares de terres \u00e0 l\u2019entreprise agro-alimentaire Neo Industry dans la vall\u00e9e du Ntem. Ces derniers ayant formul\u00e9 un recours aupr\u00e8s du Premier Joseph Dion Ngute argumentent sur la caducit\u00e9 depuis 2014 de l\u2019arr\u00eat\u00e9 n\u00b0000258\/Mindcaf\/Sg\/D141 du 3 juillet 2012 sign\u00e9 par Phil\u00e9mon Yang, ancien premier-ministre d\u00e9clarant d\u2019utilit\u00e9 publiques les terres, d\u2019une superficie de 66\u00a0430 hectares 20 ares, 10 centiares dans les d\u00e9partements de la Mvila, Oc\u00e9an, et de la Vall\u00e9e du Ntem r\u00e9gion du Sud. Ils soutiennent par ailleurs que le d\u00e9cret sign\u00e9 par le Mindcaf viole la circulaire du n\u00b0000009\/Y.18\/Mindcaf\/D300 du 29 d\u00e9cembre 2005 stipulant que seul le pr\u00e9sident de la R\u00e9publique peut signer les concessions sup\u00e9rieures \u00e0 100 hectares.<\/p>\n<p><strong>Lire aussi<\/strong> : <a href=\"https:\/\/ecomatin.net\/eyebe-ayissi-veut-mettre-un-terme-a-loccupation-illegale-du-domaine-de-letat\/\">Eyebe Ayissi veut mettre un terme \u00e0 l\u2019occupation ill\u00e9gale du domaine de l\u2019Etat<\/a><\/p>\n<div class=\"awac-wrapper awac widget posts-list-widget-11\">\n<h4 class=\"widget-title\">Le plus r\u00e9cent<\/h4>\n<\/div>\n<\/div>\n<p>Auteur: Eco Matin<br \/>\n<a href=\"https:\/\/ecomatin.net\/henri-eyebe-ayissi-suspend-le-contrat-de-bail-provisoire-avec-neo-industry-s-a\/\">Cliquez ici pour lire l&rsquo;article depuis sa source.<\/a><\/p>\n","protected":false},"excerpt":{"rendered":"<p>une vue de la r\u00e9serve foresti\u00e8re dans la Vall\u00e9e du Ntem Le ministre des Domaines, du Cadastre et des Affaires fonci\u00e8res (Mindcaf) Henri Eyebe Ayissi a adress\u00e9 ce 14 ao\u00fbt une lettre au Pr\u00e9fet de la Vall\u00e9e du Ntem, dont l\u2019objet portait sur la suspension des effets du contrat de bail provisoire entre l\u2019Etat et [&hellip;]<\/p>\n","protected":false},"author":1969,"featured_media":95712,"comment_status":"closed","ping_status":"closed","sticky":false,"template":"","format":"standard","meta":{"fifu_image_url":"","fifu_image_alt":"","footnotes":""},"categories":[82,78],"tags":[],"class_list":["post-95711","post","type-post","status-publish","format-standard","has-post-thumbnail","hentry","category-cameroun","category-economie"],"_links":{"self":[{"href":"https:\/\/linitiative.ca\/International\/wp-json\/wp\/v2\/posts\/95711","targetHints":{"allow":["GET"]}}],"collection":[{"href":"https:\/\/linitiative.ca\/International\/wp-json\/wp\/v2\/posts"}],"about":[{"href":"https:\/\/linitiative.ca\/International\/wp-json\/wp\/v2\/types\/post"}],"author":[{"embeddable":true,"href":"https:\/\/linitiative.ca\/International\/wp-json\/wp\/v2\/users\/1969"}],"replies":[{"embeddable":true,"href":"https:\/\/linitiative.ca\/International\/wp-json\/wp\/v2\/comments?post=95711"}],"version-history":[{"count":0,"href":"https:\/\/linitiative.ca\/International\/wp-json\/wp\/v2\/posts\/95711\/revisions"}],"wp:featuredmedia":[{"embeddable":true,"href":"https:\/\/linitiative.ca\/International\/wp-json\/"}],"wp:attachment":[{"href":"https:\/\/linitiative.ca\/International\/wp-json\/wp\/v2\/media?parent=95711"}],"wp:term":[{"taxonomy":"category","embeddable":true,"href":"https:\/\/linitiative.ca\/International\/wp-json\/wp\/v2\/categories?post=95711"},{"taxonomy":"post_tag","embeddable":true,"href":"https:\/\/linitiative.ca\/International\/wp-json\/wp\/v2\/tags?post=95711"}],"curies":[{"name":"wp","href":"https:\/\/api.w.org\/{rel}","templated":true}]}}