{"id":95721,"date":"2020-08-15T09:31:34","date_gmt":"2020-08-15T13:31:34","guid":{"rendered":"https:\/\/linitiative.ca\/International\/amrani-met-en-lumiere-la-vision-royale-pour-un-maroc-de-paix-et-de-prosperite\/"},"modified":"2020-08-15T09:31:34","modified_gmt":"2020-08-15T13:31:34","slug":"amrani-met-en-lumiere-la-vision-royale-pour-un-maroc-de-paix-et-de-prosperite","status":"publish","type":"post","link":"https:\/\/linitiative.ca\/International\/amrani-met-en-lumiere-la-vision-royale-pour-un-maroc-de-paix-et-de-prosperite\/","title":{"rendered":"Amrani met en lumi\u00e8re la vision Royale pour un Maroc de paix et de prosp\u00e9rit\u00e9"},"content":{"rendered":"<p><img decoding=\"async\" class=\"post_layout_5_img\" src=\"http:\/\/aujourdhui.ma\/wp-content\/uploads\/2020\/08\/Youssef-Amrani.jpg\" alt=\"Amrani met en lumi&#xE8;re la vision Royale pour un Maroc de paix et de prosp&#xE9;rit&#xE9;\"\/><\/p>\n<p><strong>L\u2019ambassadeur du Maroc en Afrique du Sud, Youssef Amrani, a pr\u00e9sent\u00e9, vendredi soir sur la chaine publique sud-africaine SABC, la vision Royale pour un Maroc de paix, de d\u00e9veloppement et de prosp\u00e9rit\u00e9.<\/strong><span id=\"more-353262\"\/><\/p>\n<p>M.Amrani, qui a \u00e9t\u00e9 l\u2019invit\u00e9 sp\u00e9cial de la chaine pour une interview focus sur le Maroc, a relev\u00e9 que \u00able particularisme du mod\u00e8le marocain est celui d\u2019une identit\u00e9 plurielle f\u00e9d\u00e9r\u00e9e par le c\u0153ur et l\u2019histoire autour des m\u00eames ambitions, des m\u00eames valeurs et des m\u00eames aspirations\u00bb.<\/p>\n<p>Les coh\u00e9rences des destin\u00e9es du Royaume sont celles des interd\u00e9pendances de choix et de c\u0153urs qui imbriquent, dans la plus parfaite des mani\u00e8res, la vision Royale pour l\u2019avenir de la soci\u00e9t\u00e9.<\/p>\n<p>Il a, dans ce contexte, mis en lumi\u00e8re la profondeur de l\u2019histoire marocaine pour mieux expliquer le pr\u00e9sent. \u00ab Le Maroc est un pays mill\u00e9naire\u00bb, a-t-il indiqu\u00e9, relevant que \u00abla destin\u00e9e du pays est fa\u00e7onn\u00e9e depuis longtemps autour d\u2019une coh\u00e9sion ancestrale entre le peuple et la Monarchie\u00bb.<\/p>\n<p>S\u2019agissant de la gestion de la crise sanitaire engendr\u00e9e par le coronavirus, le diplomate a not\u00e9 que \u00abl\u2019exception marocaine dans la gestion de cette crise est d\u2019abord et avant tout celle du leadership de Sa Majest\u00e9 le Roi Mohammed VI, qui a fait pr\u00e9valoir l\u2019humain \u00e0 toute autre consid\u00e9ration et la r\u00e9silience \u00e0 toute autre perspective\u00bb.<\/p>\n<p>M Amrani a d\u00e9clin\u00e9, dans la m\u00eame veine, le courage de la d\u00e9marche marocaine forte et proactive.<\/p>\n<p>\u00abLe Maroc n\u2019a pas \u00e9t\u00e9 dans l\u2019attentisme ni dans la demi-mesure. Le Royaume a pris les mesures drastiques qui s\u2019imposaient au moment opportun ne laissant aucune place au laxisme ou \u00e0 l\u2019h\u00e9sitation\u00bb, a-t-il dit, rappelant la mise en place du fonds de solidarit\u00e9, la production massive des masques et des \u00e9quipements sanitaires et la mobilisation de la population marocaine pour faire face \u00e0 la pand\u00e9mie.<\/p>\n<p>Abordant la situation dans le continent africain, l\u2019ambassadeur a soulign\u00e9 que face aux enjeux structurants et globaux, l\u2019Afrique a besoin d\u2019actions concert\u00e9es et solidaires.<\/p>\n<p>\u00abLe continent a les moyens de ses ambitions \u00e0 condition que l\u2019environnement d\u2019une coh\u00e9rence politique renforc\u00e9e soit r\u00e9alis\u00e9 au niveau de l\u2019Union africaine et ailleurs \u00bb, a-t-il indiqu\u00e9, notant que les aspirations l\u00e9gitimes de la jeunesse africaine doivent trouver \u00e9chos dans les orientations strat\u00e9giques d\u2019une politique continentale qui aspire \u00e0 la paix, \u00e0 la prosp\u00e9rit\u00e9 et \u00e0 la s\u00e9curit\u00e9.<\/p>\n<p>Interrog\u00e9 au sujet de la place du Maroc dans le continent, le diplomate a soulign\u00e9 que \u00ab le Maroc est africain par ses racines et honore son appartenance continentale par une action solidaire qu\u2019il n\u2019a eu de cesse de mener envers ses fr\u00e8res africains pour contribuer \u00e0 l\u2019\u00e9closion d\u2019une \u00e9mergence africaine\u00bb.<\/p>\n<p>Cette \u00e9mergence est conditionn\u00e9e par l\u2019existence d\u2019une pertinence et d\u2019une lucidit\u00e9 dans les prise de d\u00e9cision africaine, a-t-il soulign\u00e9, relevant que l\u2019id\u00e9ologie doit laisser place au pragmatisme, l\u2019avidit\u00e9 \u00e0 l\u2019altruisme et les int\u00e9r\u00eats \u00e9triqu\u00e9s au bien g\u00e9n\u00e9ral.<\/p>\n<p>Auteur: ALM<br \/>\n<a href=\"https:\/\/aujourdhui.ma\/actualite\/amrani-met-en-lumiere-la-vision-royale-pour-un-maroc-de-paix-et-de-prosperite\">Cliquez ici pour lire l&rsquo;article depuis sa source.<\/a><\/p>\n","protected":false},"excerpt":{"rendered":"<p>L\u2019ambassadeur du Maroc en Afrique du Sud, Youssef Amrani, a pr\u00e9sent\u00e9, vendredi soir sur la chaine publique sud-africaine SABC, la vision Royale pour un Maroc de paix, de d\u00e9veloppement et de prosp\u00e9rit\u00e9. M.Amrani, qui a \u00e9t\u00e9 l\u2019invit\u00e9 sp\u00e9cial de la chaine pour une interview focus sur le Maroc, a relev\u00e9 que \u00able particularisme du mod\u00e8le [&hellip;]<\/p>\n","protected":false},"author":1759,"featured_media":95722,"comment_status":"closed","ping_status":"closed","sticky":false,"template":"","format":"standard","meta":{"fifu_image_url":"","fifu_image_alt":"","footnotes":""},"categories":[73,54],"tags":[],"class_list":["post-95721","post","type-post","status-publish","format-standard","has-post-thumbnail","hentry","category-actualite","category-maroc"],"_links":{"self":[{"href":"https:\/\/linitiative.ca\/International\/wp-json\/wp\/v2\/posts\/95721","targetHints":{"allow":["GET"]}}],"collection":[{"href":"https:\/\/linitiative.ca\/International\/wp-json\/wp\/v2\/posts"}],"about":[{"href":"https:\/\/linitiative.ca\/International\/wp-json\/wp\/v2\/types\/post"}],"author":[{"embeddable":true,"href":"https:\/\/linitiative.ca\/International\/wp-json\/wp\/v2\/users\/1759"}],"replies":[{"embeddable":true,"href":"https:\/\/linitiative.ca\/International\/wp-json\/wp\/v2\/comments?post=95721"}],"version-history":[{"count":0,"href":"https:\/\/linitiative.ca\/International\/wp-json\/wp\/v2\/posts\/95721\/revisions"}],"wp:featuredmedia":[{"embeddable":true,"href":"https:\/\/linitiative.ca\/International\/wp-json\/"}],"wp:attachment":[{"href":"https:\/\/linitiative.ca\/International\/wp-json\/wp\/v2\/media?parent=95721"}],"wp:term":[{"taxonomy":"category","embeddable":true,"href":"https:\/\/linitiative.ca\/International\/wp-json\/wp\/v2\/categories?post=95721"},{"taxonomy":"post_tag","embeddable":true,"href":"https:\/\/linitiative.ca\/International\/wp-json\/wp\/v2\/tags?post=95721"}],"curies":[{"name":"wp","href":"https:\/\/api.w.org\/{rel}","templated":true}]}}