{"id":95791,"date":"2020-08-15T08:20:16","date_gmt":"2020-08-15T12:20:16","guid":{"rendered":"https:\/\/linitiative.ca\/International\/benoit-galichet-indesirable-a-la-tete-de-cimencam\/"},"modified":"2020-08-15T08:20:16","modified_gmt":"2020-08-15T12:20:16","slug":"benoit-galichet-indesirable-a-la-tete-de-cimencam","status":"publish","type":"post","link":"https:\/\/linitiative.ca\/International\/benoit-galichet-indesirable-a-la-tete-de-cimencam\/","title":{"rendered":"Benoit Galichet ind\u00e9sirable \u00e0 la t\u00eate de Cimencam"},"content":{"rendered":"<div class=\"featured-area featured-area-inner\"><img loading=\"lazy\" decoding=\"async\" width=\"500\" height=\"375\" src=\"https:\/\/ecomatin.net\/wp-content\/uploads\/2020\/08\/CIMENCAM.jpg\" class=\"attachment-full size-full wp-post-image\" alt=\"\" srcset=\"https:\/\/ecomatin.net\/wp-content\/uploads\/2020\/08\/CIMENCAM.jpg 500w, https:\/\/ecomatin.net\/wp-content\/uploads\/2020\/08\/CIMENCAM-300x225.jpg 300w\" sizes=\"auto, (max-width: 500px) 100vw, 500px\" data-attachment-id=\"17861\" data-permalink=\"https:\/\/ecomatin.net\/benoit-galichet-indesirable-a-la-tete-de-cimencam\/cimencam-3\/\" data-orig-file=\"https:\/\/ecomatin.net\/wp-content\/uploads\/2020\/08\/CIMENCAM.jpg\" data-orig-size=\"500,375\" data-comments-opened=\"0\" data-image-meta=\"{&quot;aperture&quot;:&quot;0&quot;,&quot;credit&quot;:&quot;&quot;,&quot;camera&quot;:&quot;&quot;,&quot;caption&quot;:&quot;&quot;,&quot;created_timestamp&quot;:&quot;0&quot;,&quot;copyright&quot;:&quot;&quot;,&quot;focal_length&quot;:&quot;0&quot;,&quot;iso&quot;:&quot;0&quot;,&quot;shutter_speed&quot;:&quot;0&quot;,&quot;title&quot;:&quot;&quot;,&quot;orientation&quot;:&quot;0&quot;}\" data-image-title=\"CIMENCAM\" data-image-description=\"\" data-medium-file=\"https:\/\/ecomatin.net\/wp-content\/uploads\/2020\/08\/CIMENCAM-300x225.jpg\" data-large-file=\"https:\/\/ecomatin.net\/wp-content\/uploads\/2020\/08\/CIMENCAM.jpg\"\/><\/div>\n<div class=\"entry-content entry clearfix\" readability=\"40.254197209742\">\n<p>La nomination du Directeur g\u00e9n\u00e9ral des Cimenteries du Cameroun (Cimencam), continuent de faire remue-m\u00e9nage au sein de son top management et des hautes instances de l\u2019Etat. Dans une correspondance datant du 6 ao\u00fbt du pr\u00e9sident du Conseil d\u2019administration de Cimencam, Pierre Moukoko Mbonjo s\u2019exprimait en ces termes\u00a0: \u00ab\u00a0<em>j\u2019ai l\u2019honneur vous notifier la tr\u00e8s haute d\u00e9cision du pr\u00e9sident de le R\u00e9publique, chef de l\u2019Etat, relay\u00e9e par le ministre d\u2019Etat secr\u00e9taire g\u00e9n\u00e9ral de la pr\u00e9sidence de la R\u00e9publique et r\u00e9percut\u00e9e par le ministre des Mines, de l\u2019Industrie et du D\u00e9veloppement technologique, de ne pas reconduire le mandat de monsieur Beno\u00eet Galichet comme directeur g\u00e9n\u00e9ral des cimenteries du Cameroun (Cimencam) pour le mandat 2020-2022. Le chef de l\u2019Etat demande qu\u2019un autre cadre du groupe Lafargeholcim Maroc Afrique soit d\u00e9sign\u00e9 \u00e0 ce poste<\/em>\u00a0\u00bb.<\/p>\n<p><strong>Lire aussi<\/strong> : <a href=\"https:\/\/ecomatin.net\/cimenterie-offensive-sublim-de-cimencam\/\">Cimenterie\u00a0: offensive \u00ab\u00a0sublim\u00a0\u00bb de Cimencam<\/a><\/p>\n<p>Le PCA de Cimencam r\u00e9pondait ainsi \u00e0 une correspondance du 5 juin 2020 de l\u2019administrateur directeur g\u00e9n\u00e9rale du groupe Lafargeholcim Maroc Afrique\u00a0Xavier Saint-Martin Tillet. Correspondance dans laquelle ce dernier\u00a0annon\u00e7ait la reconduction de Benoit Galichet, \u00e0 son poste de Directeur g\u00e9n\u00e9rale. Le refus du gouvernement camerounais de ne pas reconduire ce dernier \u00e0 ce poste s\u2019expliquerai alors par une mauvaise gestion entrepreneuriale tel qu\u2019indiqu\u00e9 par nos confr\u00e8res d\u2019Investir au Cameroun. \u00ab\u00a0<em>Selon nos sources, le refus de reconduire le contrat du DG oppos\u00e9 par l\u2019\u00c9tat du Cameroun, qui contr\u00f4le 43% de Cimencam (contre 55% pour LHMA), serait la cons\u00e9quence de la marginalisation des cadres camerounais au sein de l\u2019entreprise. Ces derniers accusent Beno\u00eet Galichet de ne pas reconna\u00eetre les comp\u00e9tences des cadres locaux<\/em>\u00a0\u00bb, lit-on.<\/p>\n<p><strong>Lire aussi<\/strong> : Ciment\u00a0: <a href=\"https:\/\/ecomatin.net\/ciment-cimencam-augmente-sa-production-de-500-000-tonnes\/\">Cimencam augmente sa production de 500\u00a0000 tonnes<\/a><\/p>\n<p>Notons que Cimencam est\u00a0Soci\u00e9t\u00e9 Anonyme au capital social de 14 560 000 000 FCFA, cr\u00e9e en 1963.\u00a0Elle est\u00a0la filiale locale du consortium franco-maroco-suisse LafargeHolcim-Maroc. D\u2019une capacit\u00e9 annuelle de production de 1 500 000 tonnes, elle produit et vend au Cameroun du ciment, des granulats et du b\u00e9ton pr\u00eat \u00e0 l\u2019emploi gr\u00e2ce \u00e0 une exploitation de cimenteries et une usine de broyage de clinker.<\/p>\n<p><strong>Lire aussi<\/strong> : <a href=\"https:\/\/ecomatin.net\/cimencam-un-nouveau-poste-electrique-pour-alimenter-lusine-de-nomayos\/\">Cimencam\u00a0: un nouveau poste \u00e9lectrique pour alimenter l\u2019usine de Nomayos<\/a><\/p>\n<div class=\"awac-wrapper awac widget posts-list-widget-11\">\n<h4 class=\"widget-title\">Le plus r\u00e9cent<\/h4>\n<\/div>\n<\/div>\n<p>Auteur: Eco Matin<br \/>\n<a href=\"https:\/\/ecomatin.net\/benoit-galichet-indesirable-a-la-tete-de-cimencam\/\">Cliquez ici pour lire l&rsquo;article depuis sa source.<\/a><\/p>\n","protected":false},"excerpt":{"rendered":"<p>La nomination du Directeur g\u00e9n\u00e9ral des Cimenteries du Cameroun (Cimencam), continuent de faire remue-m\u00e9nage au sein de son top management et des hautes instances de l\u2019Etat. Dans une correspondance datant du 6 ao\u00fbt du pr\u00e9sident du Conseil d\u2019administration de Cimencam, Pierre Moukoko Mbonjo s\u2019exprimait en ces termes\u00a0: \u00ab\u00a0j\u2019ai l\u2019honneur vous notifier la tr\u00e8s haute d\u00e9cision [&hellip;]<\/p>\n","protected":false},"author":1969,"featured_media":95792,"comment_status":"closed","ping_status":"closed","sticky":false,"template":"","format":"standard","meta":{"fifu_image_url":"","fifu_image_alt":"","footnotes":""},"categories":[82,78],"tags":[],"class_list":["post-95791","post","type-post","status-publish","format-standard","has-post-thumbnail","hentry","category-cameroun","category-economie"],"_links":{"self":[{"href":"https:\/\/linitiative.ca\/International\/wp-json\/wp\/v2\/posts\/95791","targetHints":{"allow":["GET"]}}],"collection":[{"href":"https:\/\/linitiative.ca\/International\/wp-json\/wp\/v2\/posts"}],"about":[{"href":"https:\/\/linitiative.ca\/International\/wp-json\/wp\/v2\/types\/post"}],"author":[{"embeddable":true,"href":"https:\/\/linitiative.ca\/International\/wp-json\/wp\/v2\/users\/1969"}],"replies":[{"embeddable":true,"href":"https:\/\/linitiative.ca\/International\/wp-json\/wp\/v2\/comments?post=95791"}],"version-history":[{"count":0,"href":"https:\/\/linitiative.ca\/International\/wp-json\/wp\/v2\/posts\/95791\/revisions"}],"wp:featuredmedia":[{"embeddable":true,"href":"https:\/\/linitiative.ca\/International\/wp-json\/"}],"wp:attachment":[{"href":"https:\/\/linitiative.ca\/International\/wp-json\/wp\/v2\/media?parent=95791"}],"wp:term":[{"taxonomy":"category","embeddable":true,"href":"https:\/\/linitiative.ca\/International\/wp-json\/wp\/v2\/categories?post=95791"},{"taxonomy":"post_tag","embeddable":true,"href":"https:\/\/linitiative.ca\/International\/wp-json\/wp\/v2\/tags?post=95791"}],"curies":[{"name":"wp","href":"https:\/\/api.w.org\/{rel}","templated":true}]}}