{"id":95808,"date":"2020-08-16T10:03:54","date_gmt":"2020-08-16T14:03:54","guid":{"rendered":"https:\/\/linitiative.ca\/International\/%ef%bb%bfles-presidents-du-parlement-dans-le-collimateur-des-deputes\/"},"modified":"2020-08-16T10:03:54","modified_gmt":"2020-08-16T14:03:54","slug":"%ef%bb%bfles-presidents-du-parlement-dans-le-collimateur-des-deputes","status":"publish","type":"post","link":"https:\/\/linitiative.ca\/International\/%ef%bb%bfles-presidents-du-parlement-dans-le-collimateur-des-deputes\/","title":{"rendered":"\ufeffLes pr\u00e9sidents du Parlement dans le collimateur des d\u00e9put\u00e9s"},"content":{"rendered":"<p class=\"has-text-color has-vivid-red-color c2\"><strong>Autorit\u00e9 nationale de la r\u00e9gulation de l\u2019\u00e9lectricit\u00e9<\/strong><\/p>\n<p class=\"has-text-color c3\"><strong>Les critiques fusent de toutes parts apr\u00e8s la r\u00e9v\u00e9lation des noms des membres de l\u2019autorit\u00e9 nationale de la r\u00e9gulation de l\u2019\u00e9lectricit\u00e9 (ANRE), objet d\u2019une forte contestation quant \u00e0 leurs comp\u00e9tences. Du moins pour plusieurs d\u2019entre eux.<\/strong><\/p>\n<p>Il faut dire que l\u2019information a suscit\u00e9 un toll\u00e9 sur les r\u00e9seaux sociaux et au sein des \u00e9tats-majors des partis de l\u2019opposition.\u00a0 En fait, les nominations d\u00e9cid\u00e9es par les chefs de la chambre des repr\u00e9sentants et des conseillers vont \u00e0 l\u2019encontre de la loi n\u00b048-15 qui dispose dans son article 25 que le choix des membres se base sur les crit\u00e8res de comp\u00e9tence en mati\u00e8re financi\u00e8re, juridique ou encore dans le domaine de l\u2019\u00e9nergie, alors qu\u2019il n\u2019en est rien.<\/p>\n<p>D\u2019ailleurs, les formations parlementaires de l\u2019opposition notamment le Parti du progr\u00e8s et du socialisme (PPS), le Parti de l\u2019Istiqlal (PI) et le Parti authenticit\u00e9 et modernit\u00e9 (PAM) ont adress\u00e9 une lettre commune au pr\u00e9sident du Parlement, Habib El Malki, \u00a0en lui signifiant la gravit\u00e9 de son acte qui contredit aussi bien les dispositions de la Constitution que le r\u00e8glement int\u00e9rieur de la Chambre des repr\u00e9sentants, tout en soulignant la n\u00e9cessit\u00e9 du respect de la d\u00e9mocratie participative.<\/p>\n<p>Cela \u00e9tant, \u00a0le principe de d\u00e9lib\u00e9ration n\u2019a \u00e9t\u00e9 nullement respect\u00e9 par les pr\u00e9sidents du Parlement qui ont, apparemment, \u00a0fait cavaliers seuls pr\u00e9f\u00e9rant agir en catimini au lieu de se concerter avec les groupes parlementaires. \u00a0En termes plus clairs, il s\u2019est av\u00e9r\u00e9 que c\u2019est la logique de l\u2019all\u00e9geance \u00a0partisane qui a pr\u00e9valu dans leurs choix, en discr\u00e9ditant davantage l\u2019image de l\u2019institution l\u00e9gislative.<\/p>\n<p>M\u00eame son de cloche aupr\u00e8s des membres du bureau de Chambre des repr\u00e9sentants qui ont, de leurs parts, \u00a0adress\u00e9 une lettre au pr\u00e9sident Habib El Malki, afin qu\u2019une r\u00e9union extraordinaire puisse se tenir concernant ces nominations prises de mani\u00e8re individuelle et qui n\u2019ont fait l\u2019objet d\u2019aucune consultation, d\u00e9clarent-ils.<\/p>\n<p>Notons par ailleurs que le Bureau politique du PAM\u00a0 a d\u00e9savou\u00e9 le pr\u00e9sident de la Chambre des\u00a0 Conseillers, qui n\u2019est autre que Hakim Benchamas, en appelant les membres d\u00e9sign\u00e9s parmi son parti de pr\u00e9senter leurs d\u00e9missions et ce dans un d\u00e9lai d\u2019une semaine sous peine de sanctions disciplinaires, apprend-on dans un communiqu\u00e9 rendu public.<\/p>\n<p>De son c\u00f4t\u00e9, le Chef du gouvernement, Sa\u00e2d-Eddine El Otmani,\u00a0 a indiqu\u00e9 dans un communiqu\u00e9 qu\u2019il a nomm\u00e9 des noms \u00ab\u00a0sur mesure\u00a0\u00bb, tout en pr\u00e9cisant que sa d\u00e9marche a \u00e9t\u00e9 men\u00e9e conform\u00e9ment aux r\u00e8gles d\u00e9lib\u00e9ratives en d\u00e9pit que le texte de loi ne l\u2019oblige en rien d\u2019agir de la sorte.<\/p>\n<p class=\"c4\"><strong>Khalid Darfaf<\/strong><\/p>\n<p>Auteur: M&rsquo;hammed rahal<br \/>\n<a href=\"http:\/\/albayane.press.ma\/%EF%BB%BFles-presidents-du-parlement-dans-le-collimateur-des-deputes.html\">Cliquez ici pour lire l&rsquo;article depuis sa source.<\/a><\/p>\n","protected":false},"excerpt":{"rendered":"<p>Autorit\u00e9 nationale de la r\u00e9gulation de l\u2019\u00e9lectricit\u00e9 Les critiques fusent de toutes parts apr\u00e8s la r\u00e9v\u00e9lation des noms des membres de l\u2019autorit\u00e9 nationale de la r\u00e9gulation de l\u2019\u00e9lectricit\u00e9 (ANRE), objet d\u2019une forte contestation quant \u00e0 leurs comp\u00e9tences. Du moins pour plusieurs d\u2019entre eux. Il faut dire que l\u2019information a suscit\u00e9 un toll\u00e9 sur les r\u00e9seaux [&hellip;]<\/p>\n","protected":false},"author":1760,"featured_media":0,"comment_status":"closed","ping_status":"closed","sticky":false,"template":"","format":"standard","meta":{"fifu_image_url":"","fifu_image_alt":"","footnotes":""},"categories":[73,54],"tags":[],"class_list":["post-95808","post","type-post","status-publish","format-standard","hentry","category-actualite","category-maroc"],"_links":{"self":[{"href":"https:\/\/linitiative.ca\/International\/wp-json\/wp\/v2\/posts\/95808","targetHints":{"allow":["GET"]}}],"collection":[{"href":"https:\/\/linitiative.ca\/International\/wp-json\/wp\/v2\/posts"}],"about":[{"href":"https:\/\/linitiative.ca\/International\/wp-json\/wp\/v2\/types\/post"}],"author":[{"embeddable":true,"href":"https:\/\/linitiative.ca\/International\/wp-json\/wp\/v2\/users\/1760"}],"replies":[{"embeddable":true,"href":"https:\/\/linitiative.ca\/International\/wp-json\/wp\/v2\/comments?post=95808"}],"version-history":[{"count":0,"href":"https:\/\/linitiative.ca\/International\/wp-json\/wp\/v2\/posts\/95808\/revisions"}],"wp:attachment":[{"href":"https:\/\/linitiative.ca\/International\/wp-json\/wp\/v2\/media?parent=95808"}],"wp:term":[{"taxonomy":"category","embeddable":true,"href":"https:\/\/linitiative.ca\/International\/wp-json\/wp\/v2\/categories?post=95808"},{"taxonomy":"post_tag","embeddable":true,"href":"https:\/\/linitiative.ca\/International\/wp-json\/wp\/v2\/tags?post=95808"}],"curies":[{"name":"wp","href":"https:\/\/api.w.org\/{rel}","templated":true}]}}