{"id":95816,"date":"2020-08-16T09:58:35","date_gmt":"2020-08-16T13:58:35","guid":{"rendered":"https:\/\/linitiative.ca\/International\/la-grande-confrontation-geostrategique\/"},"modified":"2020-08-16T09:58:35","modified_gmt":"2020-08-16T13:58:35","slug":"la-grande-confrontation-geostrategique","status":"publish","type":"post","link":"https:\/\/linitiative.ca\/International\/la-grande-confrontation-geostrategique\/","title":{"rendered":"La grande confrontation g\u00e9ostrat\u00e9gique"},"content":{"rendered":"<p class=\"p1 c3\"><span class=\"c2\"><strong>Entre confrontation g\u00e9ostrat\u00e9gique, commerciale et technologique, la d\u00e9gradation des relations sino-am\u00e9ricaines s&rsquo;acc\u00e9l\u00e8re.<\/strong><\/span><\/p>\n<p class=\"p1 c3\"><span class=\"c2\"><strong>Deux ans apr\u00e8s la guerre commerciale d\u00e9clar\u00e9e par l&rsquo;administration Trump \u00e0 la Chine, les nouveaux fronts de tensions s&rsquo;accumulent entre les deux superpuissances mondiales. Ce foss\u00e9 entre la Chine et les \u00c9tats-Unis, qui se creuse de semaine en semaine, prend des allures de \u00abnouvelle Guerre froide\u00bb.<\/strong><\/span><\/p>\n<p class=\"p1 c3\"><span class=\"c2\"><strong>La fermet\u00e9 face \u00e0 la Chine s&rsquo;impose par ailleurs comme l&rsquo;un des th\u00e8mes majeurs dans la campagne pour la pr\u00e9sidentielle du 3 novembre prochain entre le sortant Donald Trump, qui pr\u00e9sente son adversaire d\u00e9mocrate Joe Biden comme faible face \u00e0 P\u00e9kin.<\/strong><\/span><\/p>\n<p class=\"p1 c3\"><span class=\"c2\"><strong>Hong Kong, coronavirus, r\u00e9pression des Ou\u00efghours, Ta\u00efwan, Huawei et plus r\u00e9cemment Tik Tok&#8230; Jusqu&rsquo;o\u00f9 ira l&rsquo;escalade de tension entre les deux pays ? Cet engrenage de sanctions, repr\u00e9sailles et contre-repr\u00e9sailles, ne cesse de rythmer l&rsquo;actualit\u00e9. Entre confrontation g\u00e9ostrat\u00e9gique, commerciale et technologique, Le Figaro fait le point.<\/strong><\/span><\/p>\n<p class=\"p2 c4\">\u00a0<\/p>\n<p class=\"p3 c5\"><span class=\"c2\"><strong>Guerre commerciale<\/strong><\/span><\/p>\n<p class=\"p1 c3\"><span class=\"c2\"><strong>Les \u00c9tats-Unis, qui jugent d\u00e9s\u00e9quilibr\u00e9e leur balance commerciale avec la Chine, lui d\u00e9clarent la guerre commerciale en mars 2018. C&rsquo;est rapidement l&rsquo;escalade, \u00e0 coups de taxes douani\u00e8res punitives sur des centaines de milliards de dollars d&rsquo;\u00e9changes bilat\u00e9raux.<\/strong><\/span><\/p>\n<p class=\"p1 c3\"><span class=\"c2\"><strong>De tr\u00eaves en reprises des hostilit\u00e9s, les deux superpuissances finissent par signer en janvier 2020 un accord pr\u00e9liminaire, o\u00f9 P\u00e9kin s&rsquo;engage \u00e0 accro\u00eetre de 200 milliards de dollars sur deux ans ses achats de produits am\u00e9ricains. En juillet, le pr\u00e9sident am\u00e9ricain Donald Trump et le pr\u00e9sident chinois Xi Jinping, disent ne pas envisager \u00abpour le moment\u00bb de deuxi\u00e8me phase \u00e0 l&rsquo;accord, les relations \u00e9tant \u00abgravement endommag\u00e9es\u00bb.<\/strong><\/span><\/p>\n<p class=\"p1 c3\"><span class=\"c2\"><strong>La crise du Covid-19 attise les tensions entre Washington et P\u00e9kin. Le r\u00f4le de la Chine dans la pand\u00e9mie, qui fait des ravages aux \u00c9tats-Unis, continue par ailleurs de faire d\u00e9bat, le pr\u00e9sident Donald Trump s&rsquo;obstinant \u00e0 parler du \u00ab virus chinois \u00bb. Le pr\u00e9sident am\u00e9ricain accuse les autorit\u00e9s chinoises d&rsquo;avoir dissimul\u00e9 l&rsquo;ampleur de l&rsquo;\u00e9pid\u00e9mie, apparue fin 2019 dans la ville de Wuhan (centre de la Chine), facilitant ainsi sa propagation.<\/strong><\/span><\/p>\n<p class=\"p2 c4\">\u00a0<\/p>\n<p class=\"p3 c5\"><span class=\"c2\"><strong>Tensions autour<span class=\"Apple-converted-space\">\u00a0<\/span><\/strong><\/span><\/p>\n<p class=\"p3 c5\"><span class=\"c2\"><strong>de Hong Kong<\/strong><\/span><\/p>\n<p class=\"p1 c3\"><span class=\"c2\"><strong>Washington et P\u00e9kin s&rsquo;affrontent aussi autour de l&rsquo;introduction \u00e0 Hong Kong d&rsquo;une nouvelle loi sur la s\u00e9curit\u00e9 nationale jug\u00e9e liberticide par les opposants au r\u00e9gime. La Chine a promulgu\u00e9 la loi fin juin, arr\u00eatant des manifestants d\u00e8s le lendemain.<\/strong><\/span><\/p>\n<p class=\"p1 c3\"><span class=\"c2\"><strong>En repr\u00e9sailles \u00e0 cette loi impos\u00e9e par P\u00e9kin \u00e0 Hong Kong, Washington r\u00e9voque le statut commercial pr\u00e9f\u00e9rentiel accord\u00e9 \u00e0 l&rsquo;ex-colonie britannique, restreint les visas pour les responsables chinois accus\u00e9s de \u00abremettre en cause\u00bb l&rsquo;autonomie du territoire et arr\u00eate la vente d&rsquo;\u00e9quipements de d\u00e9fense sensibles \u00e0 Hong Kong. En 2018, HongKong a vendu sous le r\u00e9gime pr\u00e9f\u00e9rentiel pour 6,3 milliards de dollars de marchandises aux \u00c9tats-Unis, en particulier des \u00e9quipements \u00e9lectriques, des m\u00e9taux pr\u00e9cieux ou des plastiques.<\/strong><\/span><\/p>\n<p class=\"p1 c3\"><span class=\"c2\"><strong>Ou\u00efghours : de \u00abgraves atteintes\u00bb aux droits humains<\/strong><\/span><\/p>\n<p class=\"p1 c3\"><span class=\"c2\"><strong>Les \u00c9tats-Unis infligent d\u00e9but juillet des sanctions \u00e0 plusieurs dirigeants de la r\u00e9gion du Xinjiang (nord-ouest), accus\u00e9s de \u00abgraves atteintes\u00bb aux droits humains, puis placent onze entreprises chinoises, soup\u00e7onn\u00e9es de participer \u00e0 la pers\u00e9cution de la minorit\u00e9 ou\u00efghoure, sur une liste noire limitant leur acc\u00e8s \u00e0 des technologies et produits am\u00e9ricains.<\/strong><\/span><\/p>\n<p class=\"p1 c3\"><span class=\"c2\"><strong>Washington accuse la Chine d&rsquo;avoir intern\u00e9 dans le Xinjiang au moins un million de musulmans. La Chine d\u00e9ment et parle de centres de formation professionnelle, destin\u00e9s \u00e0 aider la population \u00e0 trouver un emploi pour l&rsquo;\u00e9loigner de la tentation de l&rsquo;extr\u00e9misme islamiste.<\/strong><\/span><\/p>\n<p class=\"p2 c4\">\u00a0<\/p>\n<p class=\"p3 c5\"><span class=\"c2\"><strong>Accusations d&rsquo;espionnage<\/strong><\/span><\/p>\n<p class=\"p1 c3\"><span class=\"c2\"><strong>Le 22 juillet dernier, le chef de la diplomatie am\u00e9ricaine Mike Pompeo a appel\u00e9 \u00ab le monde libre \u00bb \u00e0 \u00ab triompher \u00bb face \u00e0 la \u00ab nouvelle tyrannie \u00bb incarn\u00e9e, selon lui, par la Chine communiste. La veille, Washington avait ordonn\u00e9 la fermeture du consulat chinois \u00e0 Houston (Texas), accus\u00e9 d&rsquo;\u00eatre \u00ab une plaque tournante de l&rsquo;espionnage \u00bb.<\/strong><\/span><\/p>\n<p class=\"p1 c3\"><span class=\"c2\"><strong>Une grave mesure diplomatique qui symbolise un nouveau pallier dans l&rsquo;escalade sans pr\u00e9c\u00e9dent entre les deux grandes puissances rivales. P\u00e9kin a promis des repr\u00e9sailles contre cette d\u00e9cision in\u00e9dite depuis l&rsquo;\u00e9tablissement de relations diplomatiques entre les deux pays en 1979. Dialogue diplomatique muscl\u00e9 entre les deux plus grandes puissances mondiales, le gouvernement chinois a d\u00e9nonc\u00e9 une \u00ab calomnie malveillante \u00bb qui \u00ab d\u00e9molit le pont d&rsquo;amiti\u00e9 entre les Chinois et les Am\u00e9ricains \u00bb.<\/strong><\/span><\/p>\n<p class=\"p1 c3\"><span class=\"c2\"><strong>R\u00e9plique de la Chine trois jours plus tard, en ordonnant la fermeture du consulat am\u00e9ricain \u00e0 Chengdu (province du Sichuan). \u00c0 la t\u00e9l\u00e9vision chinoise, le 27 juillet, le drapeau am\u00e9ricain est abaiss\u00e9. Tout un symbole.<\/strong><\/span><\/p>\n<p class=\"p2 c4\">\u00a0<\/p>\n<p class=\"p3 c5\"><span class=\"c2\"><strong>\u00abLa paix en danger\u00bb<span class=\"Apple-converted-space\">\u00a0<\/span><\/strong><\/span><\/p>\n<p class=\"p3 c5\"><span class=\"c2\"><strong>\u00e0 Ta\u00efwan<\/strong><\/span><\/p>\n<p class=\"p1 c3\"><span class=\"c2\"><strong>Autre sujet de discorde, les \u00c9tats-Unis renforcent leur lien avec Ta\u00efwan sous l&rsquo;\u0153il courrouc\u00e9 de P\u00e9kin. Lundi 10 ao\u00fbt, la pr\u00e9sidente ta\u00efwanaise, Tsai Ing-wen, a re\u00e7u le secr\u00e9taire am\u00e9ricain \u00e0 la Sant\u00e9, Alex Azar, arriv\u00e9 la veille pour une visite de trois jours. Une premi\u00e8re pour un ministre am\u00e9ricain depuis plus de quarante ans et une visite hautement symbolique qui a fait grincer des dents \u00e0 P\u00e9kin.<\/strong><\/span><\/p>\n<p>Auteur: letemps1<br \/>\n<a href=\"http:\/\/www.letemps.com.tn\/article\/116444\/la-grande-confrontation-g%C3%A9ostrat%C3%A9gique\">Cliquez ici pour lire l&rsquo;article depuis sa source.<\/a><\/p>\n","protected":false},"excerpt":{"rendered":"<p>Entre confrontation g\u00e9ostrat\u00e9gique, commerciale et technologique, la d\u00e9gradation des relations sino-am\u00e9ricaines s&rsquo;acc\u00e9l\u00e8re. Deux ans apr\u00e8s la guerre commerciale d\u00e9clar\u00e9e par l&rsquo;administration Trump \u00e0 la Chine, les nouveaux fronts de tensions s&rsquo;accumulent entre les deux superpuissances mondiales. Ce foss\u00e9 entre la Chine et les \u00c9tats-Unis, qui se creuse de semaine en semaine, prend des allures de [&hellip;]<\/p>\n","protected":false},"author":1773,"featured_media":0,"comment_status":"closed","ping_status":"closed","sticky":false,"template":"","format":"standard","meta":{"fifu_image_url":"","fifu_image_alt":"","footnotes":""},"categories":[73,55],"tags":[],"class_list":["post-95816","post","type-post","status-publish","format-standard","hentry","category-actualite","category-tunisie"],"_links":{"self":[{"href":"https:\/\/linitiative.ca\/International\/wp-json\/wp\/v2\/posts\/95816","targetHints":{"allow":["GET"]}}],"collection":[{"href":"https:\/\/linitiative.ca\/International\/wp-json\/wp\/v2\/posts"}],"about":[{"href":"https:\/\/linitiative.ca\/International\/wp-json\/wp\/v2\/types\/post"}],"author":[{"embeddable":true,"href":"https:\/\/linitiative.ca\/International\/wp-json\/wp\/v2\/users\/1773"}],"replies":[{"embeddable":true,"href":"https:\/\/linitiative.ca\/International\/wp-json\/wp\/v2\/comments?post=95816"}],"version-history":[{"count":0,"href":"https:\/\/linitiative.ca\/International\/wp-json\/wp\/v2\/posts\/95816\/revisions"}],"wp:attachment":[{"href":"https:\/\/linitiative.ca\/International\/wp-json\/wp\/v2\/media?parent=95816"}],"wp:term":[{"taxonomy":"category","embeddable":true,"href":"https:\/\/linitiative.ca\/International\/wp-json\/wp\/v2\/categories?post=95816"},{"taxonomy":"post_tag","embeddable":true,"href":"https:\/\/linitiative.ca\/International\/wp-json\/wp\/v2\/tags?post=95816"}],"curies":[{"name":"wp","href":"https:\/\/api.w.org\/{rel}","templated":true}]}}