{"id":95817,"date":"2020-08-16T09:59:23","date_gmt":"2020-08-16T13:59:23","guid":{"rendered":"https:\/\/linitiative.ca\/International\/ca-ne-va-plus-durer-longtemps\/"},"modified":"2020-08-16T09:59:23","modified_gmt":"2020-08-16T13:59:23","slug":"ca-ne-va-plus-durer-longtemps","status":"publish","type":"post","link":"https:\/\/linitiative.ca\/International\/ca-ne-va-plus-durer-longtemps\/","title":{"rendered":"\u00c7a ne va plus durer longtemps"},"content":{"rendered":"<p class=\"p1 c5\"><span class=\"c3\"><span class=\"c2\">L<\/span><\/span><span class=\"c4\">a semaine qui vient de s\u2019achever a \u00e9t\u00e9 marqu\u00e9e par des concertations, au vrai sens du terme, du chef du gouvernement d\u00e9sign\u00e9, avec toutes les parties prenantes \u00e0 la vie publique, \u00e0 commencer par les anciens pr\u00e9sidents de la R\u00e9publique \u2013dont deux avaient manqu\u00e9 \u00e0 l\u2019appel- et les partis politiques, avec Abir Moussi qui est revenu \u00e0 de meilleurs sentiments, pour accepter de rencontrer Hichem M\u00e9chichi, d\u00e8s qu\u2019on a commenc\u00e9 \u00e0 parler de gouvernement de comp\u00e9tences ind\u00e9pendantes.<\/span><\/p>\n<p class=\"p3 c6\"><span class=\"c3\"><span class=\"c2\">D\u2019anciens responsables cr\u00e9dibles, des repr\u00e9sentants des organisations nationales et de la soci\u00e9t\u00e9 civile et de corporations professionnelles ont d\u00e9fil\u00e9 \u00e0 Dar Dhiafa, \u00e0 Carthage, ce qui n\u2019\u00e9tait dans les habitudes des anciens chefs de gouvernements qui s\u2019\u00e9taient succ\u00e9d\u00e9, au palais de la Kasbah.<\/span><\/span><\/p>\n<p class=\"p3 c6\"><span class=\"c3\"><span class=\"c2\">La seule sortie de Hichem M\u00e9chichi avait, juste, \u00e9t\u00e9 pour annoncer qu\u2019il a opt\u00e9 pour un gouvernement ind\u00e9pendant, avec quelques bribes sur son programme gouvernemental, parce qu\u2019il a compris qu\u2019il est impossible de composer avec des partis politiques qui s\u2019entred\u00e9chirent et impossible \u00e0 rassembler autour d\u2019id\u00e9es ou de programmes pour l\u2019avenir de la Tunisie qui est leur dernier souci.<\/span><\/span><\/p>\n<p class=\"p3 c6\"><span class=\"c3\"><span class=\"c2\">Cette d\u00e9marche pond\u00e9r\u00e9e n\u2019a pas \u00e9t\u00e9 appr\u00e9ci\u00e9e par certaines parties qui sont all\u00e9es avec leurs interpr\u00e9tations et leur intox, accusant le chef du gouvernement d\u00e9sign\u00e9 de n\u2019\u00eatre qu\u2019un \u00ab pantin \u00bb entre les mains du pr\u00e9sident de la R\u00e9publique, et que, d\u00e9j\u00e0, la liste des ministres potentiels est d\u00e9j\u00e0 pr\u00eate, dans le bureau de Ka\u00efs Sa\u00efed.<\/span><\/span><\/p>\n<p class=\"p3 c6\"><span class=\"c3\"><span class=\"c2\">Cette pr\u00e9cipitation dans l\u2019interpr\u00e9tation et les suppositions n\u2019est pas saine, ni innocente, parce que ceux qui nagent dans les eaux troubles cherchent \u00e0 semer la zizanie. Pourtant, le flou persistant ne va pas durer, puisque M\u00e9chichi, ayant d\u00e9j\u00e0 une vue g\u00e9n\u00e9rale sur la situation et en tant que commis de l\u2019administration, n\u2019a qu\u2019un mois pour achever ses n\u00e9gociations. Et, l\u00e0, on saura ce que vont en penser les partis politiques qui auront \u00e0 voter la confiance pour le gouvernement qu\u2019il mettra sur pied.<\/span><\/span><\/p>\n<p class=\"p3 c6\"><span class=\"c3\"><span class=\"c2\">Certes, il y a urgence dans le pays, avec la situation de crise actuelle et des voyants au rouge, dans tous les secteurs d\u2019activit\u00e9. Mais, le citoyen qui a subi les affres de la crise, durant pr\u00e8s d\u2019une dizaine d\u2019ann\u00e9es, pourra attendre, encore, une quinzaine de jours, pour voir si Hichem M\u00e9chichi est l\u2019homme de la derni\u00e8re chance ou non. Sinon, tout le monde sait \u00e0 quoi on doit s\u2019attendre, avec un vide politique qui va nous faire beaucoup de mal.<\/span><\/span><\/p>\n<p>Auteur: letemps1<br \/>\n<a href=\"http:\/\/www.letemps.com.tn\/article\/116445\/%C3%A7a-ne-va-plus-durer-longtemps\">Cliquez ici pour lire l&rsquo;article depuis sa source.<\/a><\/p>\n","protected":false},"excerpt":{"rendered":"<p>La semaine qui vient de s\u2019achever a \u00e9t\u00e9 marqu\u00e9e par des concertations, au vrai sens du terme, du chef du gouvernement d\u00e9sign\u00e9, avec toutes les parties prenantes \u00e0 la vie publique, \u00e0 commencer par les anciens pr\u00e9sidents de la R\u00e9publique \u2013dont deux avaient manqu\u00e9 \u00e0 l\u2019appel- et les partis politiques, avec Abir Moussi qui est [&hellip;]<\/p>\n","protected":false},"author":1773,"featured_media":0,"comment_status":"closed","ping_status":"closed","sticky":false,"template":"","format":"standard","meta":{"fifu_image_url":"","fifu_image_alt":"","footnotes":""},"categories":[73,55],"tags":[],"class_list":["post-95817","post","type-post","status-publish","format-standard","hentry","category-actualite","category-tunisie"],"_links":{"self":[{"href":"https:\/\/linitiative.ca\/International\/wp-json\/wp\/v2\/posts\/95817","targetHints":{"allow":["GET"]}}],"collection":[{"href":"https:\/\/linitiative.ca\/International\/wp-json\/wp\/v2\/posts"}],"about":[{"href":"https:\/\/linitiative.ca\/International\/wp-json\/wp\/v2\/types\/post"}],"author":[{"embeddable":true,"href":"https:\/\/linitiative.ca\/International\/wp-json\/wp\/v2\/users\/1773"}],"replies":[{"embeddable":true,"href":"https:\/\/linitiative.ca\/International\/wp-json\/wp\/v2\/comments?post=95817"}],"version-history":[{"count":0,"href":"https:\/\/linitiative.ca\/International\/wp-json\/wp\/v2\/posts\/95817\/revisions"}],"wp:attachment":[{"href":"https:\/\/linitiative.ca\/International\/wp-json\/wp\/v2\/media?parent=95817"}],"wp:term":[{"taxonomy":"category","embeddable":true,"href":"https:\/\/linitiative.ca\/International\/wp-json\/wp\/v2\/categories?post=95817"},{"taxonomy":"post_tag","embeddable":true,"href":"https:\/\/linitiative.ca\/International\/wp-json\/wp\/v2\/tags?post=95817"}],"curies":[{"name":"wp","href":"https:\/\/api.w.org\/{rel}","templated":true}]}}