{"id":95835,"date":"2020-08-16T11:58:00","date_gmt":"2020-08-16T15:58:00","guid":{"rendered":"https:\/\/linitiative.ca\/International\/maroc-moulay-rachid-a-essaye-de-tuer-le-prince-moulay-hassen\/"},"modified":"2020-08-16T11:58:00","modified_gmt":"2020-08-16T15:58:00","slug":"maroc-moulay-rachid-a-essaye-de-tuer-le-prince-moulay-hassen","status":"publish","type":"post","link":"https:\/\/linitiative.ca\/International\/maroc-moulay-rachid-a-essaye-de-tuer-le-prince-moulay-hassen\/","title":{"rendered":"Maroc : Moulay Rachid a essay\u00e9 de tuer le prince Moulay Hassen ?"},"content":{"rendered":"<p><br id=\"sep_para_1\" class=\"sep_para access\"\/><\/p>\n<div id=\"para_1\" class=\"para_38276709 resize\">\n<div class=\"texte access firstletter\">Selon le site Akhbar El Watane, le palais royal marocain vit au rythme d&rsquo;un m\u00e9ga-scandale suite \u00e0 une pr\u00e9sum\u00e9e tentative du prince Moulay Rachid d&rsquo;assassiner le prince h\u00e9ritier Moulay Hassen. Les \u00e9v\u00e8nements se sont acc\u00e9l\u00e9r\u00e9s ces derniers jours concernant des faits li\u00e9s \u00e0 la course au tr\u00f4ne, ainsi, le chauffeur personnel du prince h\u00e9ritier, a \u00e9t\u00e9 retrouv\u00e9 mort dans son appartement, assassin\u00e9 par deux balles, il y a deux semaines, au m\u00eame titre que le colonel Youcef El Addadi, directeur du bureau du secr\u00e9tariat central du palais royal, retrouv\u00e9 mort assassin\u00e9 dans son appartement. Cela s\u2019ajoute aux informations non confirm\u00e9es de la destitution du fr\u00e8re du roi, survenue suite \u00e0 une tentative d\u2019assassinat du prince h\u00e9ritier. Les Marocains ont pu constater de visu le renforcement du dispositif de s\u00e9curit\u00e9 autour du palais royal par le d\u00e9ploiement dense de barrages par la gendarmerie royale. Au moment o\u00f9 le m\u00e9dia am\u00e9ricain le Washington Post annonce l\u2019imminence de la normalisation des relations diplomatiques entre le Maroc et l\u2019entit\u00e9 sioniste dans le sillage de l\u2019accord entre Tel Aviv et Abou Dhabi, des informations en provenance du Royaume indiquent que le monarque marocain Mohamed VI, s\u2019appr\u00eate \u00e0 c\u00e9der son tr\u00f4ne \u00e0 son fils Moulay Hassan III, \u00e2g\u00e9 seulement de 17 ans. Il convient de rappeler, que le monarque op\u00e9r\u00e9 au c\u0153ur dans une clinique \u00e0 Rabat, le 14 juin dernier, est r\u00e9apparu tr\u00e8s affaibli, le 29 juillet dernier \u00e0 l\u2019occasion de la f\u00eate du tr\u00f4ne, o\u00f9 il trouvait beaucoup de difficult\u00e9s pour lire son discours. Dans le m\u00eame contexte, il faut noter, que compte tenu d\u2019une \u00e9ventuelle explosion sociale li\u00e9e \u00e0 la situation \u00e9conomique et la crise sanitaire, le r\u00e9gime du Makhzen s\u2019efforce \u00e0 d\u00e9tourner l\u2019opinion publique marocaine vers l\u2019Alg\u00e9rie et l\u2019Espagne. Cette situation fera certainement les affaires de l\u2019entit\u00e9 sioniste qui s\u2019efforcera \u00e0 travers son serviteur et agent, le Conseiller du Roi, Andr\u00e9 Azoulay \u00e0 normaliser ses relations avec le Maroc, tout en soutenant l\u2019intronisation du futur roi, et pr\u00e9server le statu-quo dans le dossier de la d\u00e9colonisation du Sahara Occidental.<\/div>\n<\/div>\n<p>Auteur: R\u00e9flexion<br \/>\n<a href=\"https:\/\/www.reflexiondz.net\/Maroc-Moulay-Rachid-a-essaye-de-tuer-le-prince-Moulay-Hassen_a64701.html\">Cliquez ici pour lire l&rsquo;article depuis sa source.<\/a><\/p>\n","protected":false},"excerpt":{"rendered":"<p>Selon le site Akhbar El Watane, le palais royal marocain vit au rythme d&rsquo;un m\u00e9ga-scandale suite \u00e0 une pr\u00e9sum\u00e9e tentative du prince Moulay Rachid d&rsquo;assassiner le prince h\u00e9ritier Moulay Hassen. Les \u00e9v\u00e8nements se sont acc\u00e9l\u00e9r\u00e9s ces derniers jours concernant des faits li\u00e9s \u00e0 la course au tr\u00f4ne, ainsi, le chauffeur personnel du prince h\u00e9ritier, a [&hellip;]<\/p>\n","protected":false},"author":1740,"featured_media":0,"comment_status":"closed","ping_status":"closed","sticky":false,"template":"","format":"standard","meta":{"fifu_image_url":"","fifu_image_alt":"","footnotes":""},"categories":[53,76],"tags":[],"class_list":["post-95835","post","type-post","status-publish","format-standard","hentry","category-algerie","category-regions"],"_links":{"self":[{"href":"https:\/\/linitiative.ca\/International\/wp-json\/wp\/v2\/posts\/95835","targetHints":{"allow":["GET"]}}],"collection":[{"href":"https:\/\/linitiative.ca\/International\/wp-json\/wp\/v2\/posts"}],"about":[{"href":"https:\/\/linitiative.ca\/International\/wp-json\/wp\/v2\/types\/post"}],"author":[{"embeddable":true,"href":"https:\/\/linitiative.ca\/International\/wp-json\/wp\/v2\/users\/1740"}],"replies":[{"embeddable":true,"href":"https:\/\/linitiative.ca\/International\/wp-json\/wp\/v2\/comments?post=95835"}],"version-history":[{"count":0,"href":"https:\/\/linitiative.ca\/International\/wp-json\/wp\/v2\/posts\/95835\/revisions"}],"wp:attachment":[{"href":"https:\/\/linitiative.ca\/International\/wp-json\/wp\/v2\/media?parent=95835"}],"wp:term":[{"taxonomy":"category","embeddable":true,"href":"https:\/\/linitiative.ca\/International\/wp-json\/wp\/v2\/categories?post=95835"},{"taxonomy":"post_tag","embeddable":true,"href":"https:\/\/linitiative.ca\/International\/wp-json\/wp\/v2\/tags?post=95835"}],"curies":[{"name":"wp","href":"https:\/\/api.w.org\/{rel}","templated":true}]}}