{"id":95836,"date":"2020-08-16T11:58:00","date_gmt":"2020-08-16T15:58:00","guid":{"rendered":"https:\/\/linitiative.ca\/International\/le-pdg-dair-algerie-contre-attaque\/"},"modified":"2020-08-16T11:58:00","modified_gmt":"2020-08-16T15:58:00","slug":"le-pdg-dair-algerie-contre-attaque","status":"publish","type":"post","link":"https:\/\/linitiative.ca\/International\/le-pdg-dair-algerie-contre-attaque\/","title":{"rendered":"Le PDG  d\u2019Air Alg\u00e9rie contre-attaque"},"content":{"rendered":"<p><br id=\"sep_para_1\" class=\"sep_para access\"\/><\/p>\n<div id=\"para_1\" class=\"para_38276713 resize\">\n<div class=\"texte access firstletter\">Face aux critiques r\u00e9currentes sur la chert\u00e9 des billets d\u2019Air Alg\u00e9rie, le PDG de la compagnie a\u00e9rienne nationale Bekhouche Alleche se d\u00e9fend. \u00ab Les billets d\u2019Air Alg\u00e9rie ne sont pas chers, n\u2019en d\u00e9plaisent \u00e0 beaucoup \u00bb, a contre-attaqu\u00e9 M. Alleche, en marge de la signature de deux conventions de coop\u00e9ration entre le groupe H\u00f4tellerie, tourisme et thermalisme et des transporteurs dont Air Alg\u00e9rie. Pour M. Alleche, les professionnels du tourisme et du voyage \u00ab savent faire la part des choses \u00bb. Poursuivant et s\u2019adressant aux journalistes, le patron d\u2019Air Alg\u00e9rie s\u2019est montr\u00e9 autoritaire : \u00ab Je m\u2019inscris en faux contre cette id\u00e9e (chert\u00e9 des billets) que vous r\u00e9p\u00e9tez \u00e0 sati\u00e9t\u00e9 et il va falloir s\u2019en d\u00e9barrasser \u00bb. Outre la chert\u00e9 des billets, M. Alleche a \u00e9voqu\u00e9 l\u2019impact de la pand\u00e9mie de coronavirus sur l\u2019activit\u00e9 d\u2019Air Alg\u00e9rie, en affirmant que la compagnie a\u00e9rienne a perdu un important chiffre d\u2019affaires, sans donner de chiffre.<\/div>\n<\/div>\n<p>Auteur: R\u00e9flexion<br \/>\n<a href=\"https:\/\/www.reflexiondz.net\/Le-PDG-d-Air-Algerie-contre-attaque_a64704.html\">Cliquez ici pour lire l&rsquo;article depuis sa source.<\/a><\/p>\n","protected":false},"excerpt":{"rendered":"<p>Face aux critiques r\u00e9currentes sur la chert\u00e9 des billets d\u2019Air Alg\u00e9rie, le PDG de la compagnie a\u00e9rienne nationale Bekhouche Alleche se d\u00e9fend. \u00ab Les billets d\u2019Air Alg\u00e9rie ne sont pas chers, n\u2019en d\u00e9plaisent \u00e0 beaucoup \u00bb, a contre-attaqu\u00e9 M. Alleche, en marge de la signature de deux conventions de coop\u00e9ration entre le groupe H\u00f4tellerie, tourisme [&hellip;]<\/p>\n","protected":false},"author":1740,"featured_media":0,"comment_status":"closed","ping_status":"closed","sticky":false,"template":"","format":"standard","meta":{"fifu_image_url":"","fifu_image_alt":"","footnotes":""},"categories":[53,76],"tags":[],"class_list":["post-95836","post","type-post","status-publish","format-standard","hentry","category-algerie","category-regions"],"_links":{"self":[{"href":"https:\/\/linitiative.ca\/International\/wp-json\/wp\/v2\/posts\/95836","targetHints":{"allow":["GET"]}}],"collection":[{"href":"https:\/\/linitiative.ca\/International\/wp-json\/wp\/v2\/posts"}],"about":[{"href":"https:\/\/linitiative.ca\/International\/wp-json\/wp\/v2\/types\/post"}],"author":[{"embeddable":true,"href":"https:\/\/linitiative.ca\/International\/wp-json\/wp\/v2\/users\/1740"}],"replies":[{"embeddable":true,"href":"https:\/\/linitiative.ca\/International\/wp-json\/wp\/v2\/comments?post=95836"}],"version-history":[{"count":0,"href":"https:\/\/linitiative.ca\/International\/wp-json\/wp\/v2\/posts\/95836\/revisions"}],"wp:attachment":[{"href":"https:\/\/linitiative.ca\/International\/wp-json\/wp\/v2\/media?parent=95836"}],"wp:term":[{"taxonomy":"category","embeddable":true,"href":"https:\/\/linitiative.ca\/International\/wp-json\/wp\/v2\/categories?post=95836"},{"taxonomy":"post_tag","embeddable":true,"href":"https:\/\/linitiative.ca\/International\/wp-json\/wp\/v2\/tags?post=95836"}],"curies":[{"name":"wp","href":"https:\/\/api.w.org\/{rel}","templated":true}]}}