{"id":95844,"date":"2020-08-16T03:00:00","date_gmt":"2020-08-16T07:00:00","guid":{"rendered":"https:\/\/linitiative.ca\/International\/habib-touhami-tunisie-une-nostalgie-mortifere\/"},"modified":"2020-08-16T03:00:00","modified_gmt":"2020-08-16T07:00:00","slug":"habib-touhami-tunisie-une-nostalgie-mortifere","status":"publish","type":"post","link":"https:\/\/linitiative.ca\/International\/habib-touhami-tunisie-une-nostalgie-mortifere\/","title":{"rendered":"Habib Touhami &#8211; Tunisie: Une nostalgie mortif\u00e8re"},"content":{"rendered":"<p class=\"c4\"><span class=\"c3\"><span class=\"c2\"><em><strong>Par Habib Touhami &#8211;<\/strong><\/em><\/span><\/span> Une coterie influente form\u00e9e de quelques banquiers et de financiers bien repus tente de vendre \u00e0 une opinion publique m\u00e9dus\u00e9e l\u2019id\u00e9e anachronique selon laquelle il faut appliquer la m\u00eame politique \u00e9conomique et financi\u00e8re qu\u2019en 1986 (le Plan d\u2019ajustement structurel en somme) et\u00a0 faire appel \u00e0 ceux qui l\u2019ont conduite pour sortir la Tunisie de la grave crise \u00e9conomique dans laquelle elle se d\u00e9bat. La nostalgie est parfois \u00ab d\u00e9licieuse \u00bb et r\u00e9confortante pour les individus, mais quand elle proc\u00e8de du d\u00e9faitisme ambiant, elle devient toxique pour la collectivit\u00e9. Antoine de Saint-Exup\u00e9ry, l\u2019auteur du Petit Prince, d\u00e9finissait la nostalgie comme \u00ab le d\u00e9sir d\u2019on ne sait quoi \u00bb. Formulation assez juste qui s\u2019applique assez bien \u00e0 la situation tunisienne quoiqu\u2019elle puisse servir aussi \u00e0 expliquer la mort-suicide de l\u2019auteur.<\/p>\n<p class=\"c4\">Quand bien m\u00eame devrait-on juger l\u2019action du PAS comme une r\u00e9ussite, ce qui a \u00ab r\u00e9ussi \u00bb en 1986 ne peut pas r\u00e9ussir n\u00e9cessairement en 2020. Le contexte \u00e9conomique, politique et social national a radicalement chang\u00e9 entre 1986 et 2020. En 1986, l\u2019Etat \u00e9tait debout, les syndicats mis au pas, les libert\u00e9s individuelles et collectives confisqu\u00e9es, le pluralisme banni. En 2020, l\u2019Etat est devenu chancelant, les syndicats omnipr\u00e9sents, les libert\u00e9s individuelles et collectives foisonnantes, le pluralisme une r\u00e9alit\u00e9. En 1986, les d\u00e9ficits commerciaux, budg\u00e9taires et sociaux (caisses de s\u00e9curit\u00e9 sociale) \u00e9taient ou ma\u00eetrisables ou inexistants. En 2020, ils sont devenus tout \u00e0 la fois la source et le r\u00e9sultat des grands d\u00e9s\u00e9quilibres \u00e9conomiques et financiers. En 1986, le ch\u00f4mage \u00e9tait \u00ab quantitatif \u00bb et touchait peu les dipl\u00f4m\u00e9s. En 2020, il est devenu structurel et accable les dipl\u00f4m\u00e9s, les femmes surtout. En 1986, les branches industrielles \u00ab entra\u00eenantes \u00bb \u00e9taient en expansion. En 2020, la plupart d\u2019entre elles stagnent ou r\u00e9gressent dangereusement.<\/p>\n<p class=\"c4\">En tout \u00e9tat de cause, la politique \u00e9conomique de la fin des ann\u00e9es quatre-vingt n\u2019a pas eu que des r\u00e9sultats heureux comme certains le pr\u00e9tendent. Trois faits sont \u00e0 consid\u00e9rer. En d\u00e9pit des mesures \u00ab d\u2019accompagnement \u00bb, la facture de la crise a \u00e9t\u00e9 pay\u00e9e par les pauvres et les classes moyennes, les rentiers et les classes privil\u00e9gi\u00e9es \u00e9tant \u00e9pargn\u00e9s sinon r\u00e9confort\u00e9s. L\u2019\u00e9rosion des classes moyennes a d\u2019ailleurs commenc\u00e9 \u00e0 cette \u00e9poque comme l\u2019atteste l\u2019\u00e9volution des coefficients budg\u00e9taires des d\u00e9penses des m\u00e9nages entre 1975 et 1990. Cette \u00e9rosion a \u00e9t\u00e9 amplifi\u00e9e par la formidable r\u00e9gression de la politique redistributive. C\u2019est au point o\u00f9 le pouvoir en place s\u2019est cru oblig\u00e9 de ne plus publier les donn\u00e9es relatives aux b\u00e9n\u00e9fices tir\u00e9s par les divers groupes sociaux des transferts sociaux. Il y a ensuite les cons\u00e9quences mitig\u00e9es sur la balance commerciale. Bien que la baisse du dinar ait favoris\u00e9 l\u2019accroissement des exportations en valeur dans une premi\u00e8re phase, celles-ci passant de 1 404 MD en 1986 \u00e0 3 087 MD en 1990, le d\u00e9ficit commercial devait doubler au cours de la p\u00e9riode passant de -900 MD en 1986 \u00e0 -1740 MD en 1990. Le plus grave est que cela ait occasionn\u00e9 le \u00ab pompage \u00bb excessif des ressources naturelles et humaines du pays puisqu\u2019il a fallu multiplier le volume des exportations de 1986 par 2,7 en moyenne pour retrouver en 1990 le niveau attendu des exportations en valeur. Il y a enfin l\u2019impact de cette politique sur le d\u00e9clenchement des \u00e9v\u00e8nements de 2010-2011.<\/p>\n<p class=\"c4\">Nul ne peut contester la connexion qui existe entre les r\u00e9sultats de la politique socio\u00e9conomique suivie entre 1986 et 2010 et le d\u00e9clenchement de la \u00ab r\u00e9volution \u00bb tunisienne. Pourtant, les uns s\u2019obstinent \u00e0 la nier pendant que les autres profitent du d\u00e9sarroi g\u00e9n\u00e9ral pour faire la promotion de ce qui \u00e9tait et qui pourtant ne peut plus \u00eatre. En v\u00e9rit\u00e9, plus que la nature du r\u00e9gime politique ou le mode de scrutin aux \u00e9lections l\u00e9gislatives, c\u2019est l\u2019incapacit\u00e9 de passer \u00e0 une politique \u00e9conomique de rupture qui constitue le vrai motif de blocage du d\u00e9veloppement du pays. Sur ce plan, le pouvoir politique issu de la r\u00e9volution se montre aussi conventionnel et malhabile que le pouvoir pr\u00e9c\u00e9dent.<\/p>\n<p class=\"c5\"><strong>H.T.<\/strong><\/p>\n<p class=\"c6\"><strong><a href=\"https:\/\/www.leaders.com.tn\/le_mensuel_abonnez_vous\"><img loading=\"lazy\" decoding=\"async\" src=\"\/uploads\/FCK_files\/Bondou(10).jpg\" alt=\"\" width=\"500\" vspace=\"5\" hspace=\"5\" height=\"128\" align=\"middle\"\/><\/a><\/strong><\/p>\n<p class=\"c5\">\u00a0<\/p>\n<p>Auteur:<br \/>\n<a href=\"https:\/\/www.leaders.com.tn\/article\/30432-habib-touhami-une-nostalgie-mortifere\">Cliquez ici pour lire l&rsquo;article depuis sa source.<\/a><\/p>\n","protected":false},"excerpt":{"rendered":"<p>Par Habib Touhami &#8211; Une coterie influente form\u00e9e de quelques banquiers et de financiers bien repus tente de vendre \u00e0 une opinion publique m\u00e9dus\u00e9e l\u2019id\u00e9e anachronique selon laquelle il faut appliquer la m\u00eame politique \u00e9conomique et financi\u00e8re qu\u2019en 1986 (le Plan d\u2019ajustement structurel en somme) et\u00a0 faire appel \u00e0 ceux qui l\u2019ont conduite pour sortir [&hellip;]<\/p>\n","protected":false},"author":1772,"featured_media":95845,"comment_status":"closed","ping_status":"closed","sticky":false,"template":"","format":"standard","meta":{"fifu_image_url":"","fifu_image_alt":"","footnotes":""},"categories":[73,55],"tags":[],"class_list":["post-95844","post","type-post","status-publish","format-standard","has-post-thumbnail","hentry","category-actualite","category-tunisie"],"_links":{"self":[{"href":"https:\/\/linitiative.ca\/International\/wp-json\/wp\/v2\/posts\/95844","targetHints":{"allow":["GET"]}}],"collection":[{"href":"https:\/\/linitiative.ca\/International\/wp-json\/wp\/v2\/posts"}],"about":[{"href":"https:\/\/linitiative.ca\/International\/wp-json\/wp\/v2\/types\/post"}],"author":[{"embeddable":true,"href":"https:\/\/linitiative.ca\/International\/wp-json\/wp\/v2\/users\/1772"}],"replies":[{"embeddable":true,"href":"https:\/\/linitiative.ca\/International\/wp-json\/wp\/v2\/comments?post=95844"}],"version-history":[{"count":0,"href":"https:\/\/linitiative.ca\/International\/wp-json\/wp\/v2\/posts\/95844\/revisions"}],"wp:featuredmedia":[{"embeddable":true,"href":"https:\/\/linitiative.ca\/International\/wp-json\/"}],"wp:attachment":[{"href":"https:\/\/linitiative.ca\/International\/wp-json\/wp\/v2\/media?parent=95844"}],"wp:term":[{"taxonomy":"category","embeddable":true,"href":"https:\/\/linitiative.ca\/International\/wp-json\/wp\/v2\/categories?post=95844"},{"taxonomy":"post_tag","embeddable":true,"href":"https:\/\/linitiative.ca\/International\/wp-json\/wp\/v2\/tags?post=95844"}],"curies":[{"name":"wp","href":"https:\/\/api.w.org\/{rel}","templated":true}]}}