{"id":95849,"date":"2020-08-16T06:00:00","date_gmt":"2020-08-16T10:00:00","guid":{"rendered":"https:\/\/linitiative.ca\/International\/une-opinion-publique-et-ses-detenus\/"},"modified":"2020-08-16T06:00:00","modified_gmt":"2020-08-16T10:00:00","slug":"une-opinion-publique-et-ses-detenus","status":"publish","type":"post","link":"https:\/\/linitiative.ca\/International\/une-opinion-publique-et-ses-detenus\/","title":{"rendered":"Une opinion publique et ses d\u00e9tenus !"},"content":{"rendered":"<p class=\"c4\">L\u2019appareil judiciaire se conduit comme s\u2019il incombait, \u00e0 lui seul, de redresser la barre d\u2019un navire que d\u2019aucuns auraient gravement d\u00e9vi\u00e9 de sa trajectoire. Juste qu\u2019il ne nous dit pas tout, \u00e0 propos de ceux dont on veut bien croire qu\u2019il a fini par totalement cerner le profil. Des justiciables qu\u2019un jour un mouvement populaire a d\u00e9sign\u00e9s, nomm\u00e9ment, et que l\u2019on aura \u00e9t\u00e9 contraint de jeter en p\u00e2ture pour faire taire une col\u00e8re dont on risquait de ne plus savoir brider l\u2019acc\u00e9l\u00e9ration.<br \/>Comme si ledit appareil \u00e9tait seul habilit\u00e9 \u00e0 promouvoir, y compris en recourant \u00e0 la sanction n\u00e9gative, ce qui rel\u00e8ve de l\u2019\u00e9tique et du nationalisme. Comme s\u2019il \u00e9tait le seul \u00e0 pouvoir remettre de l\u2019ordre dans le foutoir qui renvoie de l\u2019Alg\u00e9rie la triste image que l\u2019on sait. Celle de voleurs identifi\u00e9s et d\u2019autres qu\u2019il restera \u00e0 condamner une fois les \u00e9curies d\u2019Augias nettoy\u00e9es. Des \u00e9curies dont on se demande jusqu\u2019o\u00f9 on serait pr\u00eat \u00e0 aller pour totalement les assainir et si, malgr\u00e9 toutes les bonnes volont\u00e9s qui y travailleraient, l\u2019on r\u00e9ussira \u00e0 les transformer en entit\u00e9 fr\u00e9quentable. Faut-il rappeler que la r\u00e9putation, largement entam\u00e9e du pays, qui est au menu de toutes les conversations, pas parce que l\u2019on est jaloux de son ind\u00e9pendance mais parce que personne n\u2019est dupe de sa r\u00e9alit\u00e9, n\u2019est pas une invention du jeune Khaled Drareni ? Parce que sinon qu\u2019attend-on pour prononcer la relaxe et d\u00e9clarer l\u2019innocence\u00a0 des charrettes de hauts responsables \u00abinjustement\u00bb incarc\u00e9r\u00e9s ? Une \u00e9lite qui, face aux crimes qui justifieraient les 3 ann\u00e9es de prison ferme, passerait pour un cercle de jeunes d\u00e9butants. Si Khaled Drareni est trait\u00e9 comme l\u2019ennemi de haut rang que l\u2019on dit, alors, il faudrait vite s\u2019excuser aupr\u00e8s de la faune malfaisante dont l\u2019Alg\u00e9rie d\u2019en bas attend qu\u2019elle r\u00e9ponde, plus fermement, des crimes commis par elle, avec la b\u00e9n\u00e9diction d\u2019un sup\u00e9rieur.<br \/>D\u2019un Bouteflika et sa bande qu\u2019une majorit\u00e9 de citoyens aurait pr\u00e9f\u00e9r\u00e9 ne pas se repr\u00e9senter pillant et d\u00e9gradant ce qui ne pouvait \u00eatre d\u00e9m\u00e9nag\u00e9. Pourquoi a-t-on l\u2019\u00e9pouvantable sentiment que les choses ne vont\u00a0 pas\u00a0 fort\u00a0 quand\u00a0 on voudrait nous convaincre du\u00a0 contraire ?<br \/><em><strong>M. B.<\/strong><\/em><\/p>\n<p class=\"c4\">\u00a0<\/p>\n<p>Auteur:<br \/>\n<a href=\"https:\/\/www.lesoirdalgerie.com\/soit-dit-en-passant\/une-opinion-publique-et-ses-detenus-46680\">Cliquez ici pour lire l&rsquo;article depuis sa source.<\/a><\/p>\n","protected":false},"excerpt":{"rendered":"<p>L\u2019appareil judiciaire se conduit comme s\u2019il incombait, \u00e0 lui seul, de redresser la barre d\u2019un navire que d\u2019aucuns auraient gravement d\u00e9vi\u00e9 de sa trajectoire. Juste qu\u2019il ne nous dit pas tout, \u00e0 propos de ceux dont on veut bien croire qu\u2019il a fini par totalement cerner le profil. Des justiciables qu\u2019un jour un mouvement populaire [&hellip;]<\/p>\n","protected":false},"author":1741,"featured_media":0,"comment_status":"closed","ping_status":"closed","sticky":false,"template":"","format":"standard","meta":{"fifu_image_url":"","fifu_image_alt":"","footnotes":""},"categories":[73,53],"tags":[],"class_list":["post-95849","post","type-post","status-publish","format-standard","hentry","category-actualite","category-algerie"],"_links":{"self":[{"href":"https:\/\/linitiative.ca\/International\/wp-json\/wp\/v2\/posts\/95849","targetHints":{"allow":["GET"]}}],"collection":[{"href":"https:\/\/linitiative.ca\/International\/wp-json\/wp\/v2\/posts"}],"about":[{"href":"https:\/\/linitiative.ca\/International\/wp-json\/wp\/v2\/types\/post"}],"author":[{"embeddable":true,"href":"https:\/\/linitiative.ca\/International\/wp-json\/wp\/v2\/users\/1741"}],"replies":[{"embeddable":true,"href":"https:\/\/linitiative.ca\/International\/wp-json\/wp\/v2\/comments?post=95849"}],"version-history":[{"count":0,"href":"https:\/\/linitiative.ca\/International\/wp-json\/wp\/v2\/posts\/95849\/revisions"}],"wp:attachment":[{"href":"https:\/\/linitiative.ca\/International\/wp-json\/wp\/v2\/media?parent=95849"}],"wp:term":[{"taxonomy":"category","embeddable":true,"href":"https:\/\/linitiative.ca\/International\/wp-json\/wp\/v2\/categories?post=95849"},{"taxonomy":"post_tag","embeddable":true,"href":"https:\/\/linitiative.ca\/International\/wp-json\/wp\/v2\/tags?post=95849"}],"curies":[{"name":"wp","href":"https:\/\/api.w.org\/{rel}","templated":true}]}}