{"id":95852,"date":"2020-08-16T06:00:00","date_gmt":"2020-08-16T10:00:00","guid":{"rendered":"https:\/\/linitiative.ca\/International\/comment-ecrit-on-une-chronique-ou-la-chevre-dans-le-lit\/"},"modified":"2020-08-16T06:00:00","modified_gmt":"2020-08-16T10:00:00","slug":"comment-ecrit-on-une-chronique-ou-la-chevre-dans-le-lit","status":"publish","type":"post","link":"https:\/\/linitiative.ca\/International\/comment-ecrit-on-une-chronique-ou-la-chevre-dans-le-lit\/","title":{"rendered":"Comment \u00e9crit-on une chronique ou la ch\u00e8vre dans le lit\u2026"},"content":{"rendered":"<p class=\"c4\">M\u00eame si depuis des ann\u00e9es on se plie \u00e0 l\u2019exercice, il arrive que le doute prenne le pas sur l\u2019habitude. Du coup, on se retrouve d\u00e9sarm\u00e9. Avoir honte de l\u2019avouer ? Non. Cela fait partie des al\u00e9as du m\u00e9tier. On sent comme une saturation qui invite \u00e0 prendre un chouia le large, \u00e0 s\u2019oxyg\u00e9ner les neurones. En d\u00e9pit d\u2019une actualit\u00e9 abondante, la conjonction de raisons internes et externes\u00a0 parvient \u00e0 vous laisser sans voix.<br \/>Tenez, par exemple, comment \u00e9crire une chronique sur Khaled Drareni ? Il vient d\u2019\u00eatre condamn\u00e9 \u00e0 3 ans de prison ferme pour avoir accompli son boulot de journaliste. Cette lourde condamnation, qui a soulev\u00e9 stupeur et indignation en Alg\u00e9rie et \u00e0 travers le monde, est au final plus compr\u00e9hensible, dans la logique des censeurs, que le proc\u00e8s que lui intentent des internautes embusqu\u00e9s dans l\u2019h\u00e9ro\u00efsme de l\u2019anonymat.<br \/>Bien s\u00fbr, pour d\u00e9fendre un verdict inique, digne du proc\u00e8s de Kafka, avec un dossier vide selon les avocats de la d\u00e9fense, des \u00ab stipendi\u00e9s \u00bb (ah ! on adore ce terme, survivant de l\u2019\u00e9poque des \u00e9ditos h\u00e9ro\u00efques du parti unique) du&#8230; syst\u00e8me trouvent 36000 griefs r\u00e9dhibitoires \u00e0 imputer \u00e0 l\u2019accus\u00e9, allant plus loin que le tribunal qui a pourtant franchi all\u00e8grement le Rubicon. On lui reproche p\u00eale-m\u00eale d\u2019\u00eatre un agent de je ne sais qui, de travailler pour des forces qui complotent contre le pays\u2026 et on en passe.<br \/>Mais le v\u00e9ritable grief, inavou\u00e9 celui-ci, c\u2019est que ce brillant journaliste soutient le Hirak, raison pour laquelle on a voulu le faire taire. Un avertissement pour tous ceux qui seraient tent\u00e9s de continuer \u00e0 faire vivre l\u2019insurrection citoyenne pacifique. On voit mal un tribunal jugeant un journaliste, le frappant de l\u2019autorit\u00e9 r\u00e9galienne de l\u2019arbitraire, avoir le courage d\u2019affirmer qu\u2019il agit en force de censure, et s\u2019\u00e9pargner de trouver des motifs filandreux tels que l\u2019atteinte \u00e0 l\u2019int\u00e9grit\u00e9 du territoire et autres joyeuset\u00e9s comme celles coll\u00e9es \u00e0 Drareni.<br \/>Comment \u00e9crire cette chronique sans s\u2019\u00e9tonner de ceci : si les chefs d\u2019accusation \u00e9taient fond\u00e9s, la peine encourue ne devrait-elle pas \u00eatre \u00e0 la hauteur de leur gravit\u00e9, donc largement sup\u00e9rieure aux trois ans de prison ferme ?<br \/>Comme l\u2019Histoire est toujours omnipr\u00e9sente dans nos m\u00e9moires, incandescente et perdurable, souvenons-nous. En 2004, le journaliste Mohamed Benchicou, dont on a voulu \u00e9touffer la voix dissonante et perturbatrice, a \u00e9t\u00e9 condamn\u00e9 \u00e0 deux ans de prison. Comme dans le cas de Khaled Drareni, le pouvoir politique de m\u00eame que les magistrats n\u2019assumaient pas l\u2019effroyable atteinte \u00e0 la libert\u00e9 de la presse que cet acte arbitraire commettait en se cachant derri\u00e8re une fallacieuse affaire de bons de caisse. Seize ans plus tard, tout le monde a oubli\u00e9 le motif trompeur pour ne retenir que l\u2019infamie de l\u2019emprisonnement d\u2019un journaliste. \u00c0 l\u2019\u00e9poque aussi, il s\u2019est trouv\u00e9 nombre de client\u00e8les du clan Bouteflika pour surench\u00e9rir sur le verdict et accabler Mohamed Benchicou des pires turpitudes.<br \/>\u00c9videmment, aujourd\u2019hui, connaissant la fin du film s\u2019achevant sur la chute de C\u00e9sar, tous ces vaillants d\u00e9fenseurs du ma\u00eetre d\u2019alors rentrent la t\u00eate dans les \u00e9paules, ou dans le d\u00e9ni. Il n\u2019est pas impossible qu\u2019il en aille un jour de m\u00eame concernant Drareni.<br \/>Comment \u00e9crire une chronique sans mettre en parall\u00e8le ces deux infos prises presqu\u2019au hasard, et la fa\u00e7on dont elles sont comment\u00e9es. D\u2019un c\u00f4t\u00e9, Khaled Drareni, un journaliste condamn\u00e9 et stigmatis\u00e9 par les thurif\u00e9raires du r\u00e9gime comme un agent qui agirait contre les int\u00e9r\u00eats de la Nation. De l\u2019autre, un g\u00e9n\u00e9ral recherch\u00e9 pour avoir chourav\u00e9, nous dit-on, 2 milliards de dollars au Tr\u00e9sor public, et dont on disait, il y a encore quelques semaines, qu\u2019il \u00e9tait l\u2019un des pivots de la d\u00e9fense de la Nation. \u00c7a va tellement vite, le turn-over qu\u2019on se demande comment on peut encore \u00e9crire une chronique.<br \/>Dans l\u2019enfumage de l\u2019actualit\u00e9, on s\u2019est tourn\u00e9 vers les fables. Il en est une, h\u00e9bra\u00efque, que l\u2019on raconte beaucoup ces derniers jours dans les m\u00e9dias internationaux \u00e0 propos de l\u2019accord diplomatique entre les \u00c9mirats arabes unis et Isra\u00ebl. C\u2019est celle de la ch\u00e8vre dans le lit.<br \/>La fable. Un jour, un pauvre p\u00e8re de famille va demander conseil \u00e0 son rabbin. Il se plaint de vivre dans une pi\u00e8ce unique avec femme et enfants. Le rabbin lui recommande de mettre une ch\u00e8vre dans son lit. Quelque temps plus tard, l\u2019homme retourne chez son rabbin plus d\u00e9sesp\u00e9r\u00e9 que jamais. Vivre dans une seule pi\u00e8ce exigu\u00eb avec femme, enfants et une ch\u00e8vre est un r\u00e9el supplice.\u00a0 Le rabbin lui conseille alors de retirer la ch\u00e8vre. Le lendemain, l\u2019homme loue la sagesse du rabbin en s\u2019\u00e9criant : comme on est bien tous ensemble \u00e0 la maison !<br \/>Moralit\u00e9 : faire entrevoir le pire pour faire\u00a0 accepter l\u2019intenable statu quo.<br \/>Et c\u2019est effectivement ce qui se passe avec l\u2019accord entre Isra\u00ebl et les \u00c9mirats arabe unis. La dot dans le panier de l\u2019Union est qu\u2019Isra\u00ebl renonce \u00e0 une annexion qui n\u2019a pas encore eu lieu, le projet du plan Trump &#8211; Netanyahou d\u2019annexion d\u2019un tiers de la Jordanie.<br \/>Qu\u2019est-ce que cela a \u00e0 voir avec nos histoires ?<br \/>Eh bien, quand on nous disait au d\u00e9but du Hirak que Ga\u00efd Salah avait le m\u00e9rite de ne pas envoyer la troupe r\u00e9primer les manifestants, on \u00e9tait en pleine \u00e9vocation du pire pour accepter l\u2019inacceptable des d\u00e9tentions d&rsquo;opinion.<br \/>Cette fable de la ch\u00e8vre dans le lit, qui doit avoir son \u00e9quivalent dans nos propres cultures, est une pratique que nos gouvernants semblent manier avec une certaine habilet\u00e9. Comment comprendre autrement les lourdes condamnations pour d\u00e9lit d\u2019opinion qui font, l\u00e0 encore, entrevoir le pire pour accepter comme de la mansu\u00e9tude une potentielle r\u00e9duction de peine.<br \/><em><strong>A. M.<\/strong><\/em><\/p>\n<p>Auteur:<br \/>\n<a href=\"https:\/\/www.lesoirdalgerie.com\/ici-mieux-que-la-bas\/comment-ecrit-on-une-chronique-ou-la-chevre-dans-le-lit-46677\">Cliquez ici pour lire l&rsquo;article depuis sa source.<\/a><\/p>\n","protected":false},"excerpt":{"rendered":"<p>M\u00eame si depuis des ann\u00e9es on se plie \u00e0 l\u2019exercice, il arrive que le doute prenne le pas sur l\u2019habitude. Du coup, on se retrouve d\u00e9sarm\u00e9. Avoir honte de l\u2019avouer ? Non. Cela fait partie des al\u00e9as du m\u00e9tier. On sent comme une saturation qui invite \u00e0 prendre un chouia le large, \u00e0 s\u2019oxyg\u00e9ner les [&hellip;]<\/p>\n","protected":false},"author":1741,"featured_media":0,"comment_status":"closed","ping_status":"closed","sticky":false,"template":"","format":"standard","meta":{"fifu_image_url":"","fifu_image_alt":"","footnotes":""},"categories":[73,53],"tags":[],"class_list":["post-95852","post","type-post","status-publish","format-standard","hentry","category-actualite","category-algerie"],"_links":{"self":[{"href":"https:\/\/linitiative.ca\/International\/wp-json\/wp\/v2\/posts\/95852","targetHints":{"allow":["GET"]}}],"collection":[{"href":"https:\/\/linitiative.ca\/International\/wp-json\/wp\/v2\/posts"}],"about":[{"href":"https:\/\/linitiative.ca\/International\/wp-json\/wp\/v2\/types\/post"}],"author":[{"embeddable":true,"href":"https:\/\/linitiative.ca\/International\/wp-json\/wp\/v2\/users\/1741"}],"replies":[{"embeddable":true,"href":"https:\/\/linitiative.ca\/International\/wp-json\/wp\/v2\/comments?post=95852"}],"version-history":[{"count":0,"href":"https:\/\/linitiative.ca\/International\/wp-json\/wp\/v2\/posts\/95852\/revisions"}],"wp:attachment":[{"href":"https:\/\/linitiative.ca\/International\/wp-json\/wp\/v2\/media?parent=95852"}],"wp:term":[{"taxonomy":"category","embeddable":true,"href":"https:\/\/linitiative.ca\/International\/wp-json\/wp\/v2\/categories?post=95852"},{"taxonomy":"post_tag","embeddable":true,"href":"https:\/\/linitiative.ca\/International\/wp-json\/wp\/v2\/tags?post=95852"}],"curies":[{"name":"wp","href":"https:\/\/api.w.org\/{rel}","templated":true}]}}