{"id":95857,"date":"2020-08-16T13:29:45","date_gmt":"2020-08-16T17:29:45","guid":{"rendered":"https:\/\/linitiative.ca\/International\/tunisie-repartition-des-nouvelles-contaminations\/"},"modified":"2020-08-16T13:29:45","modified_gmt":"2020-08-16T17:29:45","slug":"tunisie-repartition-des-nouvelles-contaminations","status":"publish","type":"post","link":"https:\/\/linitiative.ca\/International\/tunisie-repartition-des-nouvelles-contaminations\/","title":{"rendered":"Tunisie : R\u00e9partition des nouvelles contaminations"},"content":{"rendered":"<div class=\"post-cont-in left relative\">\n<p>Le minist\u00e8re de la Sant\u00e9 a d\u00e9clar\u00e9 que 84 nouvelles contaminations par la <a href=\"https:\/\/www.tunisienumerique.com\/tunisie-actualite\/coronavirus\/\" title=\"covid-19\" target=\"_top\" class=\"auto-link\" rel=\"noopener noreferrer\">covid-19<\/a> ont \u00e9t\u00e9 enregistr\u00e9es, \u00e0 la date du 15 ao\u00fbt 2020, dont 81 cas locaux, portant ainsi le nombre global des personnes atteintes virus \u00e0 2107 cas confirm\u00e9s.<\/p>\n<div class=\"code-block code-block-1 c3\"><ins class=\"adsbygoogle c2\" data-ad-layout=\"in-article\" data-ad-format=\"fluid\" data-ad-client=\"ca-pub-2102118777505746\" data-ad-slot=\"7301775417\"\/> <\/div>\n<p>Voici leur r\u00e9partition :<\/p>\n<ul>\n<li>Ariana : 6 contaminations locales;<\/li>\n<li>Ben Arous : Une contamination locale;<\/li>\n<li>Le Kef : 2 contaminations locales;<\/li>\n<li><a href=\"https:\/\/www.tunisienumerique.com\/tunisie-actualite\/sousse\/\" title=\"Sousse\" target=\"_top\" class=\"auto-link\" rel=\"noopener noreferrer\">Sousse<\/a> : 6 contaminations locales et une import\u00e9e;<\/li>\n<li><a href=\"https:\/\/www.tunisienumerique.com\/tunisie-actualite\/sfax\/\" title=\"Sfax\" target=\"_top\" class=\"auto-link\" rel=\"noopener noreferrer\">Sfax<\/a> : Une contamination locale et une import\u00e9e;<\/li>\n<li>Kairouan : 6 contaminations locales;<\/li>\n<li>Gab\u00e8s : 57 contaminations locales;<\/li>\n<li>M\u00e9denine : 1 contamination locale;<\/li>\n<li>Tataouine \u00a0: 1 contamination locale et une import\u00e9e.<\/li>\n<\/ul>\n<p><img loading=\"lazy\" decoding=\"async\" class=\"alignnone size-full wp-image-546902\" src=\"https:\/\/www.tunisienumerique.com\/wp-content\/uploads\/2020\/08\/r\u00e9partition.jpg\" alt=\"\" width=\"679\" height=\"960\" srcset=\"https:\/\/www.tunisienumerique.com\/wp-content\/uploads\/2020\/08\/r&#xE9;partition.jpg 679w, https:\/\/www.tunisienumerique.com\/wp-content\/uploads\/2020\/08\/r&#xE9;partition-600x848.jpg 600w\" sizes=\"auto, (max-width: 679px) 100vw, 679px\"\/><\/p>\n<div class=\"swp_social_panel swp_horizontal_panel swp_flat_fresh swp_default_full_color swp_individual_full_color swp_other_full_color scale-100 scale-\" data-min-width=\"1100\" data-float-color=\"#ffffff\" data-float=\"bottom\" data-float-mobile=\"bottom\" data-transition=\"slide\">\n<div class=\"nc_tweetContainer swp_share_button total_shares total_sharesalt\"><span class=\"swp_count\">18 <span class=\"swp_label\">Partages<\/span><\/span><\/div>\n<\/div>\n<p><strong>Que se passe-t-il en Tunisie?<\/strong><br \/>Nous expliquons sur notre <a href=\"https:\/\/www.youtube.com\/channel\/UCRzypVq0B_yBad5eGrwBx0Q?sub_confirmation=1\" target=\"_blank\" rel=\"noopener noreferrer\">cha\u00eene YouTube<\/a> . <a href=\"https:\/\/www.youtube.com\/channel\/UCRzypVq0B_yBad5eGrwBx0Q?sub_confirmation=1\" target=\"_blank\" rel=\"noopener noreferrer\">Abonnez-vous!<\/a><\/p>\n<div class=\"mvp-org-wrap mvp-org-logo\" itemprop=\"publisher\"><img decoding=\"async\" src=\"https:\/\/www.tunisienumerique.com\/wp-content\/uploads\/2017\/02\/logo_tunisie_numerique.png\"\/><\/div>\n<div class=\"mvp-related-posts left relative\">\n<h4 class=\"post-header\"><span class=\"post-header\">Lire aussi<\/span><\/h4>\n<\/div>\n<div id=\"article-ad\"><ins class=\"adsbygoogle c4\" data-ad-client=\"ca-pub-2102118777505746\" data-ad-slot=\"6513972734\" data-ad-format=\"auto\" data-full-width-responsive=\"true\"\/> <\/div>\n<\/div>\n<div id=\"post-sidebar-wrap\"><ins class=\"adsbygoogle c4\" data-ad-client=\"ca-pub-2102118777505746\" data-ad-slot=\"6168283410\" data-ad-format=\"auto\" data-full-width-responsive=\"true\"\/> <\/div>\n<p>Auteur: Laameri Dorsaf<br \/>\n<a href=\"https:\/\/www.tunisienumerique.com\/tunisie-repartition-des-nouvelles-contaminations-5\/\">Cliquez ici pour lire l&rsquo;article depuis sa source.<\/a><\/p>\n","protected":false},"excerpt":{"rendered":"<p>Le minist\u00e8re de la Sant\u00e9 a d\u00e9clar\u00e9 que 84 nouvelles contaminations par la covid-19 ont \u00e9t\u00e9 enregistr\u00e9es, \u00e0 la date du 15 ao\u00fbt 2020, dont 81 cas locaux, portant ainsi le nombre global des personnes atteintes virus \u00e0 2107 cas confirm\u00e9s. Voici leur r\u00e9partition : Ariana : 6 contaminations locales; Ben Arous : Une contamination [&hellip;]<\/p>\n","protected":false},"author":1789,"featured_media":95858,"comment_status":"closed","ping_status":"closed","sticky":false,"template":"","format":"standard","meta":{"fifu_image_url":"","fifu_image_alt":"","footnotes":""},"categories":[73,55],"tags":[],"class_list":["post-95857","post","type-post","status-publish","format-standard","has-post-thumbnail","hentry","category-actualite","category-tunisie"],"_links":{"self":[{"href":"https:\/\/linitiative.ca\/International\/wp-json\/wp\/v2\/posts\/95857","targetHints":{"allow":["GET"]}}],"collection":[{"href":"https:\/\/linitiative.ca\/International\/wp-json\/wp\/v2\/posts"}],"about":[{"href":"https:\/\/linitiative.ca\/International\/wp-json\/wp\/v2\/types\/post"}],"author":[{"embeddable":true,"href":"https:\/\/linitiative.ca\/International\/wp-json\/wp\/v2\/users\/1789"}],"replies":[{"embeddable":true,"href":"https:\/\/linitiative.ca\/International\/wp-json\/wp\/v2\/comments?post=95857"}],"version-history":[{"count":0,"href":"https:\/\/linitiative.ca\/International\/wp-json\/wp\/v2\/posts\/95857\/revisions"}],"wp:featuredmedia":[{"embeddable":true,"href":"https:\/\/linitiative.ca\/International\/wp-json\/"}],"wp:attachment":[{"href":"https:\/\/linitiative.ca\/International\/wp-json\/wp\/v2\/media?parent=95857"}],"wp:term":[{"taxonomy":"category","embeddable":true,"href":"https:\/\/linitiative.ca\/International\/wp-json\/wp\/v2\/categories?post=95857"},{"taxonomy":"post_tag","embeddable":true,"href":"https:\/\/linitiative.ca\/International\/wp-json\/wp\/v2\/tags?post=95857"}],"curies":[{"name":"wp","href":"https:\/\/api.w.org\/{rel}","templated":true}]}}