{"id":95861,"date":"2020-08-16T13:56:02","date_gmt":"2020-08-16T17:56:02","guid":{"rendered":"https:\/\/linitiative.ca\/International\/tunisie-signature-dun-contrat-de-construction-dune-cloture-entourant-la-facade-du-port-de-bizerte\/"},"modified":"2020-08-16T13:56:02","modified_gmt":"2020-08-16T17:56:02","slug":"tunisie-signature-dun-contrat-de-construction-dune-cloture-entourant-la-facade-du-port-de-bizerte","status":"publish","type":"post","link":"https:\/\/linitiative.ca\/International\/tunisie-signature-dun-contrat-de-construction-dune-cloture-entourant-la-facade-du-port-de-bizerte\/","title":{"rendered":"Tunisie : Signature d\u2019un contrat de construction d\u2019une cl\u00f4ture entourant la fa\u00e7ade du port de Bizerte"},"content":{"rendered":"<div class=\"post-cont-in left relative\">\n<p>Le contrat de construction d\u2019une cl\u00f4ture entourant la fa\u00e7ade du port de Bizerte, a \u00e9t\u00e9 sign\u00e9, entre l\u2019Office de la Marine Marchande et des Ports et un entrepreneur priv\u00e9, pour un co\u00fbt de 550 mille dinars, selon le directeur r\u00e9gional du port de commerce de Bizerte, Lotfi Sassi \u00e0 l\u2019agence TAP.<\/p>\n<div class=\"code-block code-block-1 c3\"><ins class=\"adsbygoogle c2\" data-ad-layout=\"in-article\" data-ad-format=\"fluid\" data-ad-client=\"ca-pub-2102118777505746\" data-ad-slot=\"7301775417\"\/> <\/div>\n<p>S\u2019exprimant aupr\u00e8s de la m\u00eame source, le responsable a indiqu\u00e9 que des travaux seront effectu\u00e9s, prochainement, en coordination avec les services de la municipalit\u00e9 de Bizerte et toutes les parties prenantes dans ce projet, afin de finaliser les \u00e9tudes techniques, obtenir les autorisations municipales et convenir sur les diff\u00e9rents d\u00e9tails, se rapportant notamment \u00e0 assurer la continuit\u00e9 du service public et la fluidit\u00e9 de la circulation sur le lieu.<\/p>\n<p>Par ailleurs, Sassi a pr\u00e9cis\u00e9 que la finalisation des d\u00e9marches administratives et la signature du contrat , au cours de la semaine prochaine, seront effectu\u00e9es concernant la r\u00e9alisation d\u2019un autre projet bloqu\u00e9 au port, pour un co\u00fbt estim\u00e9 \u00e0 7,5 millions de dinars.<br \/>Les travaux de ce projet seront repris au plus tard, durant le mois d\u2019octobre prochain, toujours selon la m\u00eame source.<\/p>\n<div class=\"swp_social_panel swp_horizontal_panel swp_flat_fresh swp_default_full_color swp_individual_full_color swp_other_full_color scale-100 scale-\" data-min-width=\"1100\" data-float-color=\"#ffffff\" data-float=\"bottom\" data-float-mobile=\"bottom\" data-transition=\"slide\">\n<div class=\"nc_tweetContainer swp_share_button total_shares total_sharesalt\"><span class=\"swp_count\">50 <span class=\"swp_label\">Partages<\/span><\/span><\/div>\n<\/div>\n<p><strong>Que se passe-t-il en Tunisie?<\/strong><br \/>Nous expliquons sur notre <a href=\"https:\/\/www.youtube.com\/channel\/UCRzypVq0B_yBad5eGrwBx0Q?sub_confirmation=1\" target=\"_blank\" rel=\"noopener noreferrer\">cha\u00eene YouTube<\/a> . <a href=\"https:\/\/www.youtube.com\/channel\/UCRzypVq0B_yBad5eGrwBx0Q?sub_confirmation=1\" target=\"_blank\" rel=\"noopener noreferrer\">Abonnez-vous!<\/a><\/p>\n<div class=\"mvp-org-wrap mvp-org-logo\" itemprop=\"publisher\"><img decoding=\"async\" src=\"https:\/\/www.tunisienumerique.com\/wp-content\/uploads\/2017\/02\/logo_tunisie_numerique.png\"\/><\/div>\n<div class=\"mvp-related-posts left relative\">\n<h4 class=\"post-header\"><span class=\"post-header\">Lire aussi<\/span><\/h4>\n<\/div>\n<div id=\"article-ad\"><ins class=\"adsbygoogle c4\" data-ad-client=\"ca-pub-2102118777505746\" data-ad-slot=\"6513972734\" data-ad-format=\"auto\" data-full-width-responsive=\"true\"\/> <\/div>\n<\/div>\n<div id=\"post-sidebar-wrap\"><ins class=\"adsbygoogle c4\" data-ad-client=\"ca-pub-2102118777505746\" data-ad-slot=\"6168283410\" data-ad-format=\"auto\" data-full-width-responsive=\"true\"\/> <\/div>\n<p>Auteur: Laameri Dorsaf<br \/>\n<a href=\"https:\/\/www.tunisienumerique.com\/tunisie-signature-dun-contrat-de-construction-dune-cloture-entourant-la-facade-du-port-de-bizerte\/\">Cliquez ici pour lire l&rsquo;article depuis sa source.<\/a><\/p>\n","protected":false},"excerpt":{"rendered":"<p>Le contrat de construction d\u2019une cl\u00f4ture entourant la fa\u00e7ade du port de Bizerte, a \u00e9t\u00e9 sign\u00e9, entre l\u2019Office de la Marine Marchande et des Ports et un entrepreneur priv\u00e9, pour un co\u00fbt de 550 mille dinars, selon le directeur r\u00e9gional du port de commerce de Bizerte, Lotfi Sassi \u00e0 l\u2019agence TAP. S\u2019exprimant aupr\u00e8s de la [&hellip;]<\/p>\n","protected":false},"author":1789,"featured_media":95862,"comment_status":"closed","ping_status":"closed","sticky":false,"template":"","format":"standard","meta":{"fifu_image_url":"","fifu_image_alt":"","footnotes":""},"categories":[73,55],"tags":[],"class_list":["post-95861","post","type-post","status-publish","format-standard","has-post-thumbnail","hentry","category-actualite","category-tunisie"],"_links":{"self":[{"href":"https:\/\/linitiative.ca\/International\/wp-json\/wp\/v2\/posts\/95861","targetHints":{"allow":["GET"]}}],"collection":[{"href":"https:\/\/linitiative.ca\/International\/wp-json\/wp\/v2\/posts"}],"about":[{"href":"https:\/\/linitiative.ca\/International\/wp-json\/wp\/v2\/types\/post"}],"author":[{"embeddable":true,"href":"https:\/\/linitiative.ca\/International\/wp-json\/wp\/v2\/users\/1789"}],"replies":[{"embeddable":true,"href":"https:\/\/linitiative.ca\/International\/wp-json\/wp\/v2\/comments?post=95861"}],"version-history":[{"count":0,"href":"https:\/\/linitiative.ca\/International\/wp-json\/wp\/v2\/posts\/95861\/revisions"}],"wp:featuredmedia":[{"embeddable":true,"href":"https:\/\/linitiative.ca\/International\/wp-json\/"}],"wp:attachment":[{"href":"https:\/\/linitiative.ca\/International\/wp-json\/wp\/v2\/media?parent=95861"}],"wp:term":[{"taxonomy":"category","embeddable":true,"href":"https:\/\/linitiative.ca\/International\/wp-json\/wp\/v2\/categories?post=95861"},{"taxonomy":"post_tag","embeddable":true,"href":"https:\/\/linitiative.ca\/International\/wp-json\/wp\/v2\/tags?post=95861"}],"curies":[{"name":"wp","href":"https:\/\/api.w.org\/{rel}","templated":true}]}}