{"id":95863,"date":"2020-08-16T14:18:10","date_gmt":"2020-08-16T18:18:10","guid":{"rendered":"https:\/\/linitiative.ca\/International\/tunisie-hausse-du-nombre-des-personnes-gueries-au-centre-national-des-sujets-porteurs-du-coronavirus-de-monastir\/"},"modified":"2020-08-16T14:18:10","modified_gmt":"2020-08-16T18:18:10","slug":"tunisie-hausse-du-nombre-des-personnes-gueries-au-centre-national-des-sujets-porteurs-du-coronavirus-de-monastir","status":"publish","type":"post","link":"https:\/\/linitiative.ca\/International\/tunisie-hausse-du-nombre-des-personnes-gueries-au-centre-national-des-sujets-porteurs-du-coronavirus-de-monastir\/","title":{"rendered":"Tunisie : Hausse du nombre des personnes gu\u00e9ries au centre national des sujets porteurs du Coronavirus de Monastir"},"content":{"rendered":"<div class=\"post-cont-in left relative\">\n<p>Le directeur r\u00e9gional de la sant\u00e9 \u00e0 Monastir, Hamouda Bebba a d\u00e9clar\u00e9, ce dimanche 16 ao\u00fbt 2020, que le nombre de gu\u00e9risons de la <a href=\"https:\/\/www.tunisienumerique.com\/tunisie-actualite\/coronavirus\/\" title=\"Covid-19\" target=\"_top\" class=\"auto-link\" rel=\"noopener noreferrer\">Covid-19<\/a> s\u2019est \u00e9lev\u00e9 \u00e0 673 cas au centre national de Monastir apr\u00e8s la gu\u00e9rison de 5 nouveaux patients.<\/p>\n<div class=\"code-block code-block-1 c3\"><ins class=\"adsbygoogle c2\" data-ad-layout=\"in-article\" data-ad-format=\"fluid\" data-ad-client=\"ca-pub-2102118777505746\" data-ad-slot=\"7301775417\"\/> <\/div>\n<p>Dans une d\u00e9claration accord\u00e9e \u00e0 l\u2019agence TAP, le responsable a soulign\u00e9 que le centre a accueilli, depuis le 4 avril 2020, 979 cas confirm\u00e9s de la Covid-19, ajoutant que le lieu accueille aujourd\u2019hui 288 personnes contamin\u00e9es.<\/p>\n<div class=\"swp_social_panel swp_horizontal_panel swp_flat_fresh swp_default_full_color swp_individual_full_color swp_other_full_color scale-100 scale-\" data-min-width=\"1100\" data-float-color=\"#ffffff\" data-float=\"bottom\" data-float-mobile=\"bottom\" data-transition=\"slide\">\n<div class=\"nc_tweetContainer swp_share_button total_shares total_sharesalt\"><span class=\"swp_count\">9 <span class=\"swp_label\">Partages<\/span><\/span><\/div>\n<\/div>\n<p><strong>Que se passe-t-il en Tunisie?<\/strong><br \/>Nous expliquons sur notre <a href=\"https:\/\/www.youtube.com\/channel\/UCRzypVq0B_yBad5eGrwBx0Q?sub_confirmation=1\" target=\"_blank\" rel=\"noopener noreferrer\">cha\u00eene YouTube<\/a> . <a href=\"https:\/\/www.youtube.com\/channel\/UCRzypVq0B_yBad5eGrwBx0Q?sub_confirmation=1\" target=\"_blank\" rel=\"noopener noreferrer\">Abonnez-vous!<\/a><\/p>\n<div class=\"mvp-org-wrap mvp-org-logo\" itemprop=\"publisher\"><img decoding=\"async\" src=\"https:\/\/www.tunisienumerique.com\/wp-content\/uploads\/2017\/02\/logo_tunisie_numerique.png\"\/><\/div>\n<div class=\"mvp-related-posts left relative\">\n<h4 class=\"post-header\"><span class=\"post-header\">Lire aussi<\/span><\/h4>\n<\/div>\n<div id=\"article-ad\"><ins class=\"adsbygoogle c4\" data-ad-client=\"ca-pub-2102118777505746\" data-ad-slot=\"6513972734\" data-ad-format=\"auto\" data-full-width-responsive=\"true\"\/> <\/div>\n<\/div>\n<div id=\"post-sidebar-wrap\"><ins class=\"adsbygoogle c4\" data-ad-client=\"ca-pub-2102118777505746\" data-ad-slot=\"6168283410\" data-ad-format=\"auto\" data-full-width-responsive=\"true\"\/> <\/div>\n<p>Auteur: Laameri Dorsaf<br \/>\n<a href=\"https:\/\/www.tunisienumerique.com\/tunisie-hausse-du-nombre-des-personnes-gueries-au-centre-national-des-sujets-porteurs-du-coronavirus-de-monastir\/\">Cliquez ici pour lire l&rsquo;article depuis sa source.<\/a><\/p>\n","protected":false},"excerpt":{"rendered":"<p>Le directeur r\u00e9gional de la sant\u00e9 \u00e0 Monastir, Hamouda Bebba a d\u00e9clar\u00e9, ce dimanche 16 ao\u00fbt 2020, que le nombre de gu\u00e9risons de la Covid-19 s\u2019est \u00e9lev\u00e9 \u00e0 673 cas au centre national de Monastir apr\u00e8s la gu\u00e9rison de 5 nouveaux patients. Dans une d\u00e9claration accord\u00e9e \u00e0 l\u2019agence TAP, le responsable a soulign\u00e9 que le [&hellip;]<\/p>\n","protected":false},"author":1789,"featured_media":95864,"comment_status":"closed","ping_status":"closed","sticky":false,"template":"","format":"standard","meta":{"fifu_image_url":"","fifu_image_alt":"","footnotes":""},"categories":[73,55],"tags":[],"class_list":["post-95863","post","type-post","status-publish","format-standard","has-post-thumbnail","hentry","category-actualite","category-tunisie"],"_links":{"self":[{"href":"https:\/\/linitiative.ca\/International\/wp-json\/wp\/v2\/posts\/95863","targetHints":{"allow":["GET"]}}],"collection":[{"href":"https:\/\/linitiative.ca\/International\/wp-json\/wp\/v2\/posts"}],"about":[{"href":"https:\/\/linitiative.ca\/International\/wp-json\/wp\/v2\/types\/post"}],"author":[{"embeddable":true,"href":"https:\/\/linitiative.ca\/International\/wp-json\/wp\/v2\/users\/1789"}],"replies":[{"embeddable":true,"href":"https:\/\/linitiative.ca\/International\/wp-json\/wp\/v2\/comments?post=95863"}],"version-history":[{"count":0,"href":"https:\/\/linitiative.ca\/International\/wp-json\/wp\/v2\/posts\/95863\/revisions"}],"wp:featuredmedia":[{"embeddable":true,"href":"https:\/\/linitiative.ca\/International\/wp-json\/"}],"wp:attachment":[{"href":"https:\/\/linitiative.ca\/International\/wp-json\/wp\/v2\/media?parent=95863"}],"wp:term":[{"taxonomy":"category","embeddable":true,"href":"https:\/\/linitiative.ca\/International\/wp-json\/wp\/v2\/categories?post=95863"},{"taxonomy":"post_tag","embeddable":true,"href":"https:\/\/linitiative.ca\/International\/wp-json\/wp\/v2\/tags?post=95863"}],"curies":[{"name":"wp","href":"https:\/\/api.w.org\/{rel}","templated":true}]}}