{"id":95867,"date":"2020-08-16T15:10:39","date_gmt":"2020-08-16T19:10:39","guid":{"rendered":"https:\/\/linitiative.ca\/International\/demande-de-reparations-financieres-du-burundi-a-ses-ex-puissances-coloniales\/"},"modified":"2020-08-16T15:10:39","modified_gmt":"2020-08-16T19:10:39","slug":"demande-de-reparations-financieres-du-burundi-a-ses-ex-puissances-coloniales","status":"publish","type":"post","link":"https:\/\/linitiative.ca\/International\/demande-de-reparations-financieres-du-burundi-a-ses-ex-puissances-coloniales\/","title":{"rendered":"DEMANDE DE REPARATIONS FINANCIERES DU BURUNDI A SES EX-PUISSANCES COLONIALES"},"content":{"rendered":"<div class=\"stream-item stream-item-above-post-content\">\n<p><noscript><\/p>\n<p><a href=\"\/\/www3.smartadserver.com\/ac?jump=1&amp;nwid=2136&amp;siteid=240610&amp;pgname=rg&amp;fmtid=49046&amp;visit=m&amp;tmstp=[timestamp]&amp;out=nonrich\" target=\"_blank\" rel=\"noopener noreferrer\"><img decoding=\"async\" src=\"http:\/\/www3.smartadserver.com\/ac?out=nonrich&amp;nwid=2136&amp;siteid=240610&amp;pgname=rg&amp;fmtid=49046&amp;visit=m&amp;tmstp=[timestamp]\" border=\"0\" alt=\"\"\/><\/a><\/p>\n<p><\/noscript><\/div>\n<p class=\"c3\"><em>Le Burundi entend demander des comptes \u00e0 ses ex-puissances coloniales que sont la Belgique et l\u2019Allemagne. A cet effet, un rapport est en cours de r\u00e9daction par un groupe d\u2019experts compos\u00e9 d\u2019historiens, d\u2019anthropologues, de juristes et d\u2019\u00e9conomistes d\u00e9sign\u00e9s par le S\u00e9nat burundais. Les premi\u00e8res conclusions de ce rapport \u00e9voquent des r\u00e9parations financi\u00e8res \u00e0 hauteur de 43 milliards de dollars. En tout cas, pour ces experts, hormis les violences commises sur les populations, les colonisations belge et allemande ont profond\u00e9ment meurtri le Burundi et engendr\u00e9 une ethnicisation du pays, qui aura provoqu\u00e9 exodes, massacres et guerres civiles entre Hutu et Tutsi. Ce qui n\u2019est pas faux quand on sait que le Burundi revient de loin\u00a0; ce pays dont l\u2019histoire politique a \u00e9t\u00e9 inscrite en lettres de sang. Les autorit\u00e9s burundaises ont donc raison de demander des r\u00e9parations financi\u00e8res aux anciennes puissances coloniales qui, non seulement ont pill\u00e9 les ressources de leur pays, mais aussi dont les actions ont contribu\u00e9 \u00e0 retarder le d\u00e9veloppement de cet ancien royaume de l\u2019Afrique orientale fond\u00e9 vers la fin du XVIIe si\u00e8cle. Cela dit, on ne peut s\u2019emp\u00eacher de se\u00a0 poser la question suivante\u00a0: peut-on payer une dette morale avec des esp\u00e8ces sonnantes et tr\u00e9buchantes\u00a0? Assur\u00e9ment, non\u00a0! Car, comme le disait feu Thomas Sankara, \u00ab\u00a0nul ne saurait payer une dette de sang\u00a0; tant elle est inestimable\u00a0\u00bb. C\u2019est en cela que la d\u00e9marche des autorit\u00e9s burundaises para\u00eet pour le moins incongrue. Et puis, \u00e0 supposer m\u00eame que les anciennes puissances coloniales que sont la Belgique et l\u2019Allemagne r\u00e9pondent favorablement \u00e0 leur requ\u00eate, o\u00f9 ira la cagnotte qu\u2019elles r\u00e9clament\u00a0? Quand on conna\u00eet la cupidit\u00e9 qui caract\u00e9rise la plupart des dirigeants africains, il faut craindre que cet argent n\u2019aille dans les poches d\u2019une minorit\u00e9 qui en userait pour narguer les populations pour lesquelles il a \u00e9t\u00e9 d\u00e9bloqu\u00e9.<\/em><\/p>\n<p class=\"c3\"><em>\u00a0<\/em><\/p>\n<p class=\"c4\"><strong><em>Le Burundi aura eu le m\u00e9rite d\u2019avoir lanc\u00e9 le d\u00e9bat<\/em><\/strong><\/p>\n<p class=\"c3\"><em>\u00a0<\/em><\/p>\n<p class=\"c3\"><em>Cela dit, r\u00e9paration pour r\u00e9paration, le Burundi n\u2019est pas le seul pays africain qui a souffert des affres de la colonisation. Tant et si bien que ce serait ouvrir la bo\u00eete de pandore si cette requ\u00eate venait \u00e0 aboutir puisque tous les autres pays africains se saisiraient de l\u2019occasion pour demander aussi des comptes \u00e0 leurs anciennes m\u00e9tropoles respectives. Cela \u00e9tant dit, il faut saluer la posture du roi belge qui, dans une r\u00e9cente sortie, avait pr\u00e9sent\u00e9 ses \u00ab\u00a0regrets\u00a0\u00bb pour les erreurs commises par son pays pendant la colonisation. Et ce n\u2019est pas tout. Car, la Belgique vient d\u2019entamer un travail de m\u00e9moire sur son pass\u00e9 colonial en Afrique. Cette attitude tranche avec celle \u00a0de la France, pour ne pas la nommer, qui, jusque-l\u00e0, ne veut pas reconna\u00eetre que la colonisation a \u00e9t\u00e9 pour quelque chose dans le retard \u00e9conomique de bien des pays africains francophones, m\u00eame s\u2019il est vrai qu\u2019elle ne saurait justifier l\u2019incurie dont font montre certains dirigeants africains. Tout bien consid\u00e9r\u00e9, le Burundi aura eu le m\u00e9rite d\u2019avoir lanc\u00e9 le d\u00e9bat. Car, \u00e0 d\u00e9faut d\u2019une compensation financi\u00e8re comme il le souhaite, il pourrait b\u00e9n\u00e9ficier d\u2019une r\u00e9paration culturelle avec la restitution d\u2019archives et d\u2019objets vol\u00e9s par les colons. Et ce n\u2019est pas rien.<\/em><\/p>\n<p class=\"c3\"><em>\u00a0<\/em><\/p>\n<p class=\"c4\"><strong><em>Boundi OUOBA<\/em><\/strong><\/p>\n<p>Auteur: Le Pays<br \/>\n<a href=\"http:\/\/lepays.bf\/demande-de-reparations-financieres-du-burundi-a-ses-ex-puissances-coloniales\/\">Cliquez ici pour lire l&rsquo;article depuis sa source.<\/a><\/p>\n","protected":false},"excerpt":{"rendered":"<p>Le Burundi entend demander des comptes \u00e0 ses ex-puissances coloniales que sont la Belgique et l\u2019Allemagne. A cet effet, un rapport est en cours de r\u00e9daction par un groupe d\u2019experts compos\u00e9 d\u2019historiens, d\u2019anthropologues, de juristes et d\u2019\u00e9conomistes d\u00e9sign\u00e9s par le S\u00e9nat burundais. Les premi\u00e8res conclusions de ce rapport \u00e9voquent des r\u00e9parations financi\u00e8res \u00e0 hauteur de [&hellip;]<\/p>\n","protected":false},"author":1813,"featured_media":0,"comment_status":"closed","ping_status":"closed","sticky":false,"template":"","format":"standard","meta":{"fifu_image_url":"","fifu_image_alt":"","footnotes":""},"categories":[73,81],"tags":[],"class_list":["post-95867","post","type-post","status-publish","format-standard","hentry","category-actualite","category-burkina-faso"],"_links":{"self":[{"href":"https:\/\/linitiative.ca\/International\/wp-json\/wp\/v2\/posts\/95867","targetHints":{"allow":["GET"]}}],"collection":[{"href":"https:\/\/linitiative.ca\/International\/wp-json\/wp\/v2\/posts"}],"about":[{"href":"https:\/\/linitiative.ca\/International\/wp-json\/wp\/v2\/types\/post"}],"author":[{"embeddable":true,"href":"https:\/\/linitiative.ca\/International\/wp-json\/wp\/v2\/users\/1813"}],"replies":[{"embeddable":true,"href":"https:\/\/linitiative.ca\/International\/wp-json\/wp\/v2\/comments?post=95867"}],"version-history":[{"count":0,"href":"https:\/\/linitiative.ca\/International\/wp-json\/wp\/v2\/posts\/95867\/revisions"}],"wp:attachment":[{"href":"https:\/\/linitiative.ca\/International\/wp-json\/wp\/v2\/media?parent=95867"}],"wp:term":[{"taxonomy":"category","embeddable":true,"href":"https:\/\/linitiative.ca\/International\/wp-json\/wp\/v2\/categories?post=95867"},{"taxonomy":"post_tag","embeddable":true,"href":"https:\/\/linitiative.ca\/International\/wp-json\/wp\/v2\/tags?post=95867"}],"curies":[{"name":"wp","href":"https:\/\/api.w.org\/{rel}","templated":true}]}}