{"id":95868,"date":"2020-08-16T15:13:00","date_gmt":"2020-08-16T19:13:00","guid":{"rendered":"https:\/\/linitiative.ca\/International\/contestation-de-la-candidature-dado-sur-fond-de-violences\/"},"modified":"2020-08-16T15:13:00","modified_gmt":"2020-08-16T19:13:00","slug":"contestation-de-la-candidature-dado-sur-fond-de-violences","status":"publish","type":"post","link":"https:\/\/linitiative.ca\/International\/contestation-de-la-candidature-dado-sur-fond-de-violences\/","title":{"rendered":"CONTESTATION DE LA CANDIDATURE D\u2019ADO SUR FOND DE VIOLENCES"},"content":{"rendered":"<div class=\"stream-item stream-item-above-post-content\">\n<p><noscript><\/p>\n<p><a href=\"\/\/www3.smartadserver.com\/ac?jump=1&amp;nwid=2136&amp;siteid=240610&amp;pgname=rg&amp;fmtid=49046&amp;visit=m&amp;tmstp=[timestamp]&amp;out=nonrich\" target=\"_blank\" rel=\"noopener noreferrer\"><img decoding=\"async\" src=\"http:\/\/www3.smartadserver.com\/ac?out=nonrich&amp;nwid=2136&amp;siteid=240610&amp;pgname=rg&amp;fmtid=49046&amp;visit=m&amp;tmstp=[timestamp]\" border=\"0\" alt=\"\"\/><\/a><\/p>\n<p><\/noscript><\/div>\n<p class=\"c3\"><em>C\u2019est une semaine agit\u00e9e \u00a0qui en annonce\u00a0malheureusement d\u2019autres, qui vient de s\u2019achever en C\u00f4te d\u2019Ivoire, marqu\u00e9e par des violences entre partisans des diff\u00e9rentes chapelles politiques dans plusieurs localit\u00e9s du pays. Comme c\u2019est de coutume dans cette C\u00f4te d\u2019Ivoire plurielle, les protagonistes ont encore utilis\u00e9\u00a0 des machettes comme moyen de persuasion ou de dissuasion pendant ces trois jours d\u2019\u00e9chauffour\u00e9es\u00a0 qui ont fait cinq morts et plusieurs dizaines de bless\u00e9s. On aurait consid\u00e9r\u00e9 cette brusque mont\u00e9e des p\u00e9rils comme un \u00e9piph\u00e9nom\u00e8ne dans un pays qui a d\u00e9j\u00e0 touch\u00e9 le fond, si on n\u2019avait pas assist\u00e9 \u00e0 des affrontements meurtriers sur fond de rivalit\u00e9s politiques, mais surtout ethniques comme \u00e0 Daoukro au Centre et \u00e0 Bonoua au Sud-Est, respectivement villes natales de l\u2019ancien pr\u00e9sident Henri Konan B\u00e9di\u00e9 et de l\u2019ancienne premi\u00e8re dame Simone Ehivet Gbagbo. Si on consid\u00e8re que nous ne sommes qu\u2019aux premiers pas de la longue et p\u00e9rilleuse marche vers une pr\u00e9sidentielle \u00e0 hauts risques d\u2019octobre prochain, on ne peut qu\u2019\u00eatre transi de peur pour ce pays qui garde encore les stigmates de deux d\u00e9cennies de braise et dont certains acteurs politiques n\u2019h\u00e9sitent pas \u00e0 utiliser le mensonge et la manipulation pour attiser la haine entre les populations. Car, ce qui est inqui\u00e9tant dans la situation actuelle de la C\u00f4te d\u2019Ivoire, c\u2019est moins les d\u00e9bats juridiques sur la constitutionnalit\u00e9 de la candidature de Alassane Ouattara et les discours volontairement fanfarons des leaders politiques, que l\u2019\u00e9ventualit\u00e9 d\u2019une guerre post-\u00e9lectorale au cours de laquelle chaque Ivoirien, en fonction de ses origines, serait, par amalgame imm\u00e9diat, inscrit dans un camp. Ce serait alors \u2018\u2019bonjour le Burundi ou le Rwanda\u2019\u2019 des ann\u00e9es quatre-vingt-dix o\u00f9 \u00ab\u00a0l\u2019autre\u00a0\u00bb n\u2019est plus le fr\u00e8re, mais plut\u00f4t celui qui met en p\u00e9ril notre pouvoir et notre identit\u00e9.<\/em><\/p>\n<p class=\"c3\"><em>\u00a0<\/em><\/p>\n<p class=\"c4\"><strong><em>L\u2019int\u00e9r\u00eat de la C\u00f4te d\u2019Ivoire r\u00e9side dans l\u2019union de tous ses fils et non dans les discours haineux<\/em><\/strong><\/p>\n<p class=\"c3\"><em>\u00a0<\/em><\/p>\n<p class=\"c3\"><em>Le risque de d\u00e9rives ethniques est malheureusement r\u00e9el dans ce pays pourtant\u00a0 le plus cosmopolite de la sous-r\u00e9gion, et ce sont encore ces politiciens qui ont tout dans les muscles mais rien comme projets de soci\u00e9t\u00e9,\u00a0 qui vont allumer la m\u00e8che, en s\u2019appuyant sur la fracture communautaire potentiellement bellig\u00e8ne entre \u00ab\u00a0Ivoiriens du Sud, donc Ivoiriens de souche\u00a0\u00bb et les \u00ab\u00a0\u00e9trangers venus du Nord\u00a0\u00bb. Le pr\u00e9sident Alassane Ouattara, sur qui se concentrent actuellement tous les tirs de l\u2019opposition, serait celui par qui le malheur est arriv\u00e9 en C\u00f4te d\u2019Ivoire pour ainsi dire, avec sa nomination inopin\u00e9e comme Premier ministre en 1990, et surtout sa pr\u00e9tention \u00e0 gouverner le pays en 1993, alors que les nordistes comme lui occupaient jusqu\u2019alors des fonctions politiquement marginales. Depuis, il y a eu un v\u00e9ritable basculement et les nostalgiques devront se rendre \u00e0 l\u2019\u00e9vidence que l\u2019int\u00e9r\u00eat de la C\u00f4te d\u2019Ivoire r\u00e9side dans l\u2019union de tous ses fils et non dans les discours haineux comme ceux qui refont de plus en plus surface depuis quelques semaines. On esp\u00e8re que les politiciens, tous bords confondus, et les leaders d\u2019opinion, auront assez de lucidit\u00e9 et de clairvoyance pour ne pas surfer sur les r\u00e9f\u00e9rents ethniques pour esp\u00e9rer conserver ou reconqu\u00e9rir le pouvoir. Les jours \u00e0 venir nous en diront un peu plus sur l\u2019engagement de tous \u00e0 apaiser \u00a0les d\u00e9bats politiques et \u00e0 chasser d\u00e9finitivement les vieux d\u00e9mons afin que la C\u00f4te d\u2019Ivoire ne revive plus ces sc\u00e8nes surr\u00e9alistes de combats de rue, au c\u0153ur m\u00eame d\u2019Abidjan, pour la conqu\u00eate du pouvoir. L\u2019espoir est permis, mais on devra tout de m\u00eame ouvrir l\u2019\u0153il et surtout le bon car, depuis la mort du p\u00e8re-fondateur F\u00e9lix Houphou\u00ebt Boigny, on a beau chasser le naturel dans ce pays, il est toujours revenu plus galopant que jamais.<\/em><\/p>\n<p class=\"c3\"><em>\u00a0<\/em><\/p>\n<p class=\"c4\"><strong><em>Hamadou GADIAGA<\/em><\/strong><\/p>\n<p>Auteur: Le Pays<br \/>\n<a href=\"http:\/\/lepays.bf\/contestation-de-la-candidature-dado-sur-fond-de-violences\/\">Cliquez ici pour lire l&rsquo;article depuis sa source.<\/a><\/p>\n","protected":false},"excerpt":{"rendered":"<p>C\u2019est une semaine agit\u00e9e \u00a0qui en annonce\u00a0malheureusement d\u2019autres, qui vient de s\u2019achever en C\u00f4te d\u2019Ivoire, marqu\u00e9e par des violences entre partisans des diff\u00e9rentes chapelles politiques dans plusieurs localit\u00e9s du pays. Comme c\u2019est de coutume dans cette C\u00f4te d\u2019Ivoire plurielle, les protagonistes ont encore utilis\u00e9\u00a0 des machettes comme moyen de persuasion ou de dissuasion pendant ces [&hellip;]<\/p>\n","protected":false},"author":1813,"featured_media":0,"comment_status":"closed","ping_status":"closed","sticky":false,"template":"","format":"standard","meta":{"fifu_image_url":"","fifu_image_alt":"","footnotes":""},"categories":[73,81],"tags":[],"class_list":["post-95868","post","type-post","status-publish","format-standard","hentry","category-actualite","category-burkina-faso"],"_links":{"self":[{"href":"https:\/\/linitiative.ca\/International\/wp-json\/wp\/v2\/posts\/95868","targetHints":{"allow":["GET"]}}],"collection":[{"href":"https:\/\/linitiative.ca\/International\/wp-json\/wp\/v2\/posts"}],"about":[{"href":"https:\/\/linitiative.ca\/International\/wp-json\/wp\/v2\/types\/post"}],"author":[{"embeddable":true,"href":"https:\/\/linitiative.ca\/International\/wp-json\/wp\/v2\/users\/1813"}],"replies":[{"embeddable":true,"href":"https:\/\/linitiative.ca\/International\/wp-json\/wp\/v2\/comments?post=95868"}],"version-history":[{"count":0,"href":"https:\/\/linitiative.ca\/International\/wp-json\/wp\/v2\/posts\/95868\/revisions"}],"wp:attachment":[{"href":"https:\/\/linitiative.ca\/International\/wp-json\/wp\/v2\/media?parent=95868"}],"wp:term":[{"taxonomy":"category","embeddable":true,"href":"https:\/\/linitiative.ca\/International\/wp-json\/wp\/v2\/categories?post=95868"},{"taxonomy":"post_tag","embeddable":true,"href":"https:\/\/linitiative.ca\/International\/wp-json\/wp\/v2\/tags?post=95868"}],"curies":[{"name":"wp","href":"https:\/\/api.w.org\/{rel}","templated":true}]}}