{"id":95881,"date":"2020-08-16T13:01:57","date_gmt":"2020-08-16T17:01:57","guid":{"rendered":"https:\/\/linitiative.ca\/International\/adc-acquiert-3-loaders-dune-valeur-dun-milliard-de-fcfa\/"},"modified":"2020-08-16T13:01:57","modified_gmt":"2020-08-16T17:01:57","slug":"adc-acquiert-3-loaders-dune-valeur-dun-milliard-de-fcfa","status":"publish","type":"post","link":"https:\/\/linitiative.ca\/International\/adc-acquiert-3-loaders-dune-valeur-dun-milliard-de-fcfa\/","title":{"rendered":"ADC acquiert 3 loaders d\u2019une valeur d\u2019un milliard de FCFA"},"content":{"rendered":"<p>La soci\u00e9t\u00e9 A\u00e9roports du Cameroun S.A (ADC) a r\u00e9ceptionn\u00e9 ce 14 ao\u00fbt 2020 \u00e0 l\u2019a\u00e9roport de Douala, un mat\u00e9riel de plus d\u2019un milliard de FCFA. Ce dernier est constitu\u00e9 de deux loaders de sept tonnes et un troisi\u00e8me de quatorze tonnes pour l\u2018assistance en escale des a\u00e9ronefs et la manutention du fret a\u00e9rien. Ces loaders sont con\u00e7us pour charger et d\u00e9charger les containeurs et palettes pesant jusqu\u2019\u00e0 14000kg pour le LAM 14 tonnes et permettent le traitement de tous types d\u2019avions.<\/p>\n<p>S\u2019exprimant alors sur la nouvelle acquisition des ADC Manga Foe Martial, chef service logistique a\u00e9roport de Yaound\u00e9-Nsimalen fait savoir que\u00a0: \u00ab\u00a0<em>l\u2019acquisition de ces loaders ultra sophistiqu\u00e9s est un grand investissement pour ADC S.A. Pour procurer longue vie \u00e0 ces \u00e9quipements, nous sommes actuellement en formation, afin d\u2019assurer un suivi et une maintenance de qualit\u00e9 \u00e0 ce mat\u00e9riel pour une disponibilit\u00e9 sans faille aux utilisateurs. La sp\u00e9cificit\u00e9 que pr\u00e9sente ce mat\u00e9riel au niveau de son pont sup\u00e9rieur, qui, prend les charges tr\u00e8s hautes n\u00e9cessite la r\u00e9vision des acquis en ce qui concerne les aspects hydrauliques, \u00e9lectriques, les compartiments de graissage et les interventions lorsque l\u2019engin est coinc\u00e9 sur un avion\u00a0\u00bb.<\/em> Indiquons que l\u2019acquisition des ADC rentre dans son plan strat\u00e9gique d\u2019investissement 2017-2022, mis sur pied par le top management.<\/p>\n<p><strong>Lire aussi<\/strong> : <a href=\"https:\/\/ecomatin.net\/reprise-imminente-des-travaux-de-modernisation-de-laeroport-de-douala\/\">Reprise imminente des travaux des travaux de modernisation de l\u2019a\u00e9roport de Douala<\/a><\/p>\n<p><strong>S\u00fbret\u00e9 et formation m\u00e9tiers pour rester \u00e0 la page<\/strong><\/p>\n<p>En plus de l\u2019acquisition de ces 3 nouveaux appareils, la soci\u00e9t\u00e9 A\u00e9roports du Cameroun pr\u00e9pare sereinement ses personnels \u00e0 la reprise normale du trafic a\u00e9rien, suspendu \u00e0 cause du Coronavirus. Depuis le d\u00e9but de l\u2019ann\u00e9e la Direction des ressources humaines des ADC S.A a initi\u00e9 des formations pour son personnel, portant sur la sensibilisation \u00e0 la s\u00fbret\u00e9 selon les exigences de l\u2019Oaci (Organisation international de l\u2019aviation civile). Plus concr\u00e8tement il s\u2019agit des formations r\u00e9glementaires, des formations m\u00e9tiers, des conf\u00e9rences et des colloques. S\u2019agissant des formations r\u00e9glementaires elles s\u2019effectuent sur les plateformes a\u00e9roportuaires de Yaound\u00e9-Nsimalen (actuellement en cours ndlr) et dans celle de Douala au mois de juin et juillet.<\/p>\n<p>Pour Franck Oyono expert et formateur cette remise \u00e0 niveau: \u00ab\u00a0<em>est d\u2019autant plus importante qu\u2019elle s\u2019effectue au lendemain d\u2019une p\u00e9riode du confinement et de baisses d\u2019activit\u00e9s, deux facteurs n\u00e9fastes au maintien accru de la vigilance et de certains reflexes<\/em>\u00a0\u00bb.<\/p>\n<p>Pour les formations m\u00e9tiers, le personnel des A\u00e9roports du Cameroun ont subi des recyclages en ex\u00e9cution de chargement, en WorldTracer Desktop et en Load control. Les assistants piste en conduite des loaders ont aussi vu leurs capacit\u00e9s renforc\u00e9s accompagn\u00e9s des questions de maintenance.<\/p>\n<p><strong>\u00ab\u00a0Les ADC pr\u00e9parent les a\u00e9roports \u00e0 la reprise\u00a0\u00bb<\/strong><\/p>\n<div class=\"wp-block-image\" readability=\"9\"><img loading=\"lazy\" decoding=\"async\" data-attachment-id=\"17880\" data-permalink=\"https:\/\/ecomatin.net\/adc-acquiert-3-loaders-dune-valeur-dun-milliard-de-fcfa\/img-20200816-wa0040\/\" data-orig-file=\"https:\/\/ecomatin.net\/wp-content\/uploads\/2020\/08\/IMG-20200816-WA0040.jpg\" data-orig-size=\"640,640\" data-comments-opened=\"0\" data-image-meta=\"{&quot;aperture&quot;:&quot;0&quot;,&quot;credit&quot;:&quot;&quot;,&quot;camera&quot;:&quot;&quot;,&quot;caption&quot;:&quot;&quot;,&quot;created_timestamp&quot;:&quot;0&quot;,&quot;copyright&quot;:&quot;&quot;,&quot;focal_length&quot;:&quot;0&quot;,&quot;iso&quot;:&quot;0&quot;,&quot;shutter_speed&quot;:&quot;0&quot;,&quot;title&quot;:&quot;&quot;,&quot;orientation&quot;:&quot;0&quot;}\" data-image-title=\"IMG-20200816-WA0040\" data-image-description=\"\" data-medium-file=\"https:\/\/ecomatin.net\/wp-content\/uploads\/2020\/08\/IMG-20200816-WA0040-300x300.jpg\" data-large-file=\"https:\/\/ecomatin.net\/wp-content\/uploads\/2020\/08\/IMG-20200816-WA0040.jpg\" src=\"https:\/\/ecomatin.net\/wp-content\/uploads\/2020\/08\/IMG-20200816-WA0040.jpg\" alt=\"\" class=\"wp-image-17880\" width=\"157\" height=\"157\" srcset=\"https:\/\/ecomatin.net\/wp-content\/uploads\/2020\/08\/IMG-20200816-WA0040.jpg 640w, https:\/\/ecomatin.net\/wp-content\/uploads\/2020\/08\/IMG-20200816-WA0040-300x300.jpg 300w, https:\/\/ecomatin.net\/wp-content\/uploads\/2020\/08\/IMG-20200816-WA0040-150x150.jpg 150w, https:\/\/ecomatin.net\/wp-content\/uploads\/2020\/08\/IMG-20200816-WA0040-600x600.jpg 600w, https:\/\/ecomatin.net\/wp-content\/uploads\/2020\/08\/IMG-20200816-WA0040-100x100.jpg 100w\" sizes=\"auto, (max-width: 157px) 100vw, 157px\"\/>Franck Oyono, Chef du service s\u00fbret\u00e9 et s\u00e9curit\u00e9 incendie \u00e0 l\u2019a\u00e9roport international de Yaound\u00e9-Nsimalen<\/div>\n<p><strong>Depuis le mois de juin, il y a une s\u00e9rie de formations de renforcement des capacit\u00e9s que vous faites au niveau des a\u00e9roports, que ce soit \u00e0 Douala, que ce soit \u00e0 Yaound\u00e9. De quoi s\u2019agit-il de mani\u00e8re globale ?<\/strong><\/p>\n<p>OK, merci. Vous savez, la Direction G\u00e9n\u00e9rale de notre entreprise a tenu \u00e0 respecter les exigences de l\u2019Organisation de l\u2019Aviation Civile en mati\u00e8re de formation, principalement les formations r\u00e9glementaires. Et ces exigences demandent \u00e0 ce que tous les sujets exer\u00e7ant leurs missions de mani\u00e8re permanente dans les zones r\u00e9serv\u00e9es des a\u00e9roports soient tout d\u2019abord form\u00e9s \u2013 on appelle cela formation initiale. Et cette formation initiale fait l\u2019objet de mises \u00e0 jour tous les deux ans. C\u2019est une exigence de l\u2019OACI.<\/p>\n<p>Le Directeur G\u00e9n\u00e9ral, tr\u00e8s \u00e9pris du respect des proc\u00e9dures, a donc instruit la Direction des Ressources Humaines \u00e0 travers le Service de la Formation de respecter ce calendrier de formation. Donc, chaque fois que des formations en s\u00fbret\u00e9 sont caduques, nous proc\u00e9dons automatiquement au recyclage. Et chaque fois qu\u2019il y a de nouvelles recrues, nous les mettons \u00e0 jour en mati\u00e8re de formation.<\/p>\n<p>Par ailleurs, les compagnies a\u00e9riennes, qui sont les clients des a\u00e9roports, font \u00e9galement des audits pour s\u2019assurer que le personnel qui doit intervenir dans le traitement de leurs vols est \u00e0 jour en mati\u00e8re de formation r\u00e9glement\u00e9e\u00a0: c\u2019est-\u00e0-dire s\u00fbret\u00e9 et marchandises dangereuses. Et c\u2019est ce qu\u2019on a commenc\u00e9 derni\u00e8rement. Et \u00e7a se fait r\u00e9guli\u00e8rement.<\/p>\n<p><strong>Lire aussi<\/strong> : <a href=\"https:\/\/ecomatin.net\/aeroport-international-de-douala-prepare-la-reprise-des-vols\/\">A\u00e9roport international de Douala pr\u00e9pare la reprise des vols<\/a><\/p>\n<p><strong>Quels sont les grands th\u00e8mes qui ont \u00e9t\u00e9 d\u00e9velopp\u00e9s pendant toute cette formation\u00a0?<\/strong><\/p>\n<p>Le th\u00e8me principal c\u2019est la sensibilisation aux mesures pr\u00e9ventives de s\u00fbret\u00e9. A Douala, nous avons a fait une bonne s\u00e9rie de formations en mati\u00e8re de formation initiale et de recyclage. Et depuis le 10 ao\u00fbt, nous avons commenc\u00e9 \u00e0 Yaound\u00e9. Et c\u2019est comme \u00e7a chaque deux ans. Pour le personnel qui est ancien, il faut renouveler les formations. Vous savez, la s\u00fbret\u00e9 est une denr\u00e9e p\u00e9rissable. Il faut apporter des mises \u00e0 jour. \u00c7a change, \u00e7a va vite. Parce que d\u00e8s que la r\u00e9glementation au niveau international subit des modifications, cela devrait se r\u00e9percuter au niveau op\u00e9rationnel. Il faut mettre les gars \u00e0 jour.<\/p>\n<p><strong>Et puis, on peut aussi penser que, avec la p\u00e9riode de confinement, les personnels ont quelque peu perdu la main. L\u2019habitude du fait du confinement et de la baisse de l\u2019activit\u00e9.<\/strong><\/p>\n<p><strong>Lire aussi<\/strong> : <a href=\"https:\/\/ecomatin.net\/aeroports-du-cameroun-70-des-activites-perturbees\/\">A\u00e9roports du Cameroun\u00a0: 70% des activit\u00e9s pertub\u00e9es<\/a><\/p>\n<p>Voil\u00e0, exactement. Vous savez, nous vivons une pand\u00e9mie qui est arriv\u00e9e brutalement et qui a entra\u00een\u00e9, comme vous le dites tr\u00e8s bien, une baisse d\u2019activit\u00e9. Et cette baisse d\u2019activit\u00e9 entra\u00eene naturellement la baisse de vigilance et le personnel perd un peu la main. M\u00eame sur le plan de l\u2019exploitation, il faut les reprendre. Il faut les mettre \u00e0 jour. Et c\u2019est fort opportun\u00e9ment que la Direction G\u00e9n\u00e9rale a instruit ces formations. Il est question de remettre le personnel \u00e0 jour, parce que l\u00e0, l\u2019activit\u00e9 est en train de revenir progressivement. Il faudrait que, quand cette activit\u00e9 reviendra totalement, que nos personnels aient d\u00e9j\u00e0 repris la main, en termes d\u2019exploitation, d\u2019application des mesures pr\u00e9ventives de s\u00fbret\u00e9.<\/p>\n<p><strong>Si les fronti\u00e8res sont ouvertes dans 15 jours par exemple, peut-on dire que les a\u00e9roports du Cameroun sont fin pr\u00eats\u00a0?<\/strong><\/p>\n<p><strong>Lire aussi<\/strong> : <a href=\"https:\/\/ecomatin.net\/serge-eric-epoune-nouveau-patron-de-la-communication-des-adc\/\">Serge Eric Epoune, nouveau patron de la communication des ADC<\/a><\/p>\n<p>On est pr\u00eat en ce qui concerne vraiment les a\u00e9roports. Parce que vous savez, contrairement \u00e0 d\u2019autres entreprises dans d\u2019autres secteurs, qui ont proc\u00e9d\u00e9 \u00e0 des mises en cong\u00e9 technique, la Direction G\u00e9n\u00e9rale de notre entreprise a plut\u00f4t maintenu le personnel. Mais le fait de ne pas exercer a certainement impact\u00e9, et l\u00e0, ADC a \u00e9t\u00e9 avant-gardiste. On a lanc\u00e9 ces formations bien avant la reprise et je vous assure qu\u2019en ce qui concerne la s\u00fbret\u00e9, et m\u00eame l\u2019exploitation, quand le trafic va reprendre normalement, on sera fin pr\u00eat. Vous pouvez voir aujourd\u2019hui toutes les personnalit\u00e9s qui passent. Dans cette baisse d\u2019activit\u00e9s, on a quand m\u00eame eu quelques vols de rapatriement et de cargo qui ont \u00e9t\u00e9 tr\u00e8s bien g\u00e9r\u00e9s et ADC\u2026, du moins moi, je peux courir le risque de dire qu\u2019on sera pr\u00eat, quand le trafic va revenir totalement.<\/p>\n<p><strong>Lire aussi<\/strong> : <a href=\"https:\/\/ecomatin.net\/services-aeroportuaires-25-000-fcfa-divisent-les-adc-et-les-compagnies-aeriennes\/\">Services a\u00e9roportuaires\u00a0: 25.000 FCFA divisent les ADC et les compagnies a\u00e9riennes<\/a><\/p>\n<div class=\"awac-wrapper awac widget posts-list-widget-11\">\n<h4 class=\"widget-title\">Le plus r\u00e9cent<\/h4>\n<\/div>\n<p>Auteur: Eco Matin<br \/>\n<a href=\"https:\/\/ecomatin.net\/adc-acquiert-3-loaders-dune-valeur-dun-milliard-de-fcfa\/\">Cliquez ici pour lire l&rsquo;article depuis sa source.<\/a><\/p>\n","protected":false},"excerpt":{"rendered":"<p>La soci\u00e9t\u00e9 A\u00e9roports du Cameroun S.A (ADC) a r\u00e9ceptionn\u00e9 ce 14 ao\u00fbt 2020 \u00e0 l\u2019a\u00e9roport de Douala, un mat\u00e9riel de plus d\u2019un milliard de FCFA. Ce dernier est constitu\u00e9 de deux loaders de sept tonnes et un troisi\u00e8me de quatorze tonnes pour l\u2018assistance en escale des a\u00e9ronefs et la manutention du fret a\u00e9rien. Ces loaders [&hellip;]<\/p>\n","protected":false},"author":1969,"featured_media":95882,"comment_status":"closed","ping_status":"closed","sticky":false,"template":"","format":"standard","meta":{"fifu_image_url":"","fifu_image_alt":"","footnotes":""},"categories":[82,78],"tags":[],"class_list":["post-95881","post","type-post","status-publish","format-standard","has-post-thumbnail","hentry","category-cameroun","category-economie"],"_links":{"self":[{"href":"https:\/\/linitiative.ca\/International\/wp-json\/wp\/v2\/posts\/95881","targetHints":{"allow":["GET"]}}],"collection":[{"href":"https:\/\/linitiative.ca\/International\/wp-json\/wp\/v2\/posts"}],"about":[{"href":"https:\/\/linitiative.ca\/International\/wp-json\/wp\/v2\/types\/post"}],"author":[{"embeddable":true,"href":"https:\/\/linitiative.ca\/International\/wp-json\/wp\/v2\/users\/1969"}],"replies":[{"embeddable":true,"href":"https:\/\/linitiative.ca\/International\/wp-json\/wp\/v2\/comments?post=95881"}],"version-history":[{"count":0,"href":"https:\/\/linitiative.ca\/International\/wp-json\/wp\/v2\/posts\/95881\/revisions"}],"wp:featuredmedia":[{"embeddable":true,"href":"https:\/\/linitiative.ca\/International\/wp-json\/"}],"wp:attachment":[{"href":"https:\/\/linitiative.ca\/International\/wp-json\/wp\/v2\/media?parent=95881"}],"wp:term":[{"taxonomy":"category","embeddable":true,"href":"https:\/\/linitiative.ca\/International\/wp-json\/wp\/v2\/categories?post=95881"},{"taxonomy":"post_tag","embeddable":true,"href":"https:\/\/linitiative.ca\/International\/wp-json\/wp\/v2\/tags?post=95881"}],"curies":[{"name":"wp","href":"https:\/\/api.w.org\/{rel}","templated":true}]}}