{"id":95902,"date":"2020-08-17T06:30:27","date_gmt":"2020-08-17T10:30:27","guid":{"rendered":"https:\/\/linitiative.ca\/International\/creation-dune-section-locale-de-la-federation-marocaine-des-traiteurs\/"},"modified":"2020-08-17T06:30:27","modified_gmt":"2020-08-17T10:30:27","slug":"creation-dune-section-locale-de-la-federation-marocaine-des-traiteurs","status":"publish","type":"post","link":"https:\/\/linitiative.ca\/International\/creation-dune-section-locale-de-la-federation-marocaine-des-traiteurs\/","title":{"rendered":"Cr\u00e9ation d\u2019une section locale de la F\u00e9d\u00e9ration Marocaine des Traiteurs"},"content":{"rendered":"<div readability=\"36\">\n<p>Safi \u2013 L\u2019Assembl\u00e9e g\u00e9n\u00e9rale constitutive de la section locale de la F\u00e9d\u00e9ration Marocaine des Traiteurs (FMT) \u00e0 Safi, a eu lieu samedi, \u00e0 la cit\u00e9 de l\u2019Oc\u00e9an en pr\u00e9sence des professionnels du secteur dans cette province du Royaume.<\/p>\n<\/div>\n<div readability=\"91\">\n<p>Cette Assembl\u00e9e g\u00e9n\u00e9rale tenue en pr\u00e9sence aussi des membres du bureau national de la FMT, a \u00e9t\u00e9 marqu\u00e9e par l\u2019\u00e9lection \u00e0 l\u2019unanimit\u00e9 de Abdelilah El Bamoussi en tant que pr\u00e9sident de cette section locale.<\/p>\n<p>Pour M. Bamoussi, la cr\u00e9ation de cette section a pour objectif principal de f\u00e9d\u00e9rer toutes les forces du secteur en une instance, qui veillera \u00e0 la d\u00e9fense des int\u00e9r\u00eats de ses membres.<\/p>\n<p>Dans une d\u00e9claration \u00e0 la MAP, il a fait savoir que la ville de Safi compte une vingtaine de soci\u00e9t\u00e9s op\u00e9rant dans le secteur en plus des soci\u00e9t\u00e9s op\u00e9rant dans l\u2019informel.<\/p>\n<p>Ces derni\u00e8res, a-t-il expliqu\u00e9, font face \u00e0 plusieurs contraintes mais aspirent \u00e0 int\u00e9grer le circuit formel dans les plus brefs d\u00e9lais.<\/p>\n<p>Dans une d\u00e9claration similaire, le secr\u00e9taire g\u00e9n\u00e9ral de la FMT, Hassan Douch, s\u2019est r\u00e9joui que la f\u00e9d\u00e9ration compte actuellement 45 sections r\u00e9parties \u00e0 travers le territoire du Royaume, ce qui est de nature \u00e0 contribuer \u00e0 la structuration de ce secteur, dont pr\u00e8s de 80% des entreprises op\u00e8rent dans l\u2019informel.<\/p>\n<p>M.Douch a fait remarquer que les entreprises du secteur sont en arr\u00eat depuis le 15 mars dernier car les m\u00e9tiers de bouche comptent parmi les premiers secteurs qui ont subi de plein fouet les r\u00e9percussions socio-\u00e9conomiques de la pand\u00e9mie.<\/p>\n<p>Il s\u2019est, par ailleurs, r\u00e9joui que le secteur, qui ne d\u00e9pendait auparavant d\u2019aucun minist\u00e8re, soit rattach\u00e9 aujourd\u2019hui \u00e0 celui de l\u2019Industrie, du Commerce, de l\u2019\u00c9conomie verte et num\u00e9rique, ce qui est de nature \u00e0 permettre aux professionnels de r\u00e9soudre plusieurs probl\u00e9matiques et de r\u00e9aliser l\u2019essor escompt\u00e9 du secteur.<\/p>\n<p>Cr\u00e9\u00e9e \u00e0 Casablanca en 2018, la FMT a pour vocation la structuration, l\u2019accompagnement, la formation et la d\u00e9fense des droits des membres.<\/p>\n<p>Cette jeune association, cr\u00e9\u00e9e pour servir les int\u00e9r\u00eats de ses membres, sans distinction du volume des entreprises qui la composent, a pu en deux ans installer des standards de qualit\u00e9, d\u2019hygi\u00e8ne et de r\u00e9ponse aux attentes de la client\u00e8le, tant en demande d\u2019\u00e9v\u00e9nementiel que pour les communaut\u00e9s et particuliers.<\/p>\n<\/div>\n<p>Auteur: Meriem IGASS<br \/>\n<a href=\"http:\/\/www.mapmarrakech.ma\/fr\/creation-dune-section-locale-de-la-federation-marocaine-des-traiteurs\/\">Cliquez ici pour lire l&rsquo;article depuis sa source.<\/a><\/p>\n","protected":false},"excerpt":{"rendered":"<p>Safi \u2013 L\u2019Assembl\u00e9e g\u00e9n\u00e9rale constitutive de la section locale de la F\u00e9d\u00e9ration Marocaine des Traiteurs (FMT) \u00e0 Safi, a eu lieu samedi, \u00e0 la cit\u00e9 de l\u2019Oc\u00e9an en pr\u00e9sence des professionnels du secteur dans cette province du Royaume. Cette Assembl\u00e9e g\u00e9n\u00e9rale tenue en pr\u00e9sence aussi des membres du bureau national de la FMT, a \u00e9t\u00e9 [&hellip;]<\/p>\n","protected":false},"author":1788,"featured_media":0,"comment_status":"closed","ping_status":"closed","sticky":false,"template":"","format":"standard","meta":{"fifu_image_url":"","fifu_image_alt":"","footnotes":""},"categories":[54,76],"tags":[],"class_list":["post-95902","post","type-post","status-publish","format-standard","hentry","category-maroc","category-regions"],"_links":{"self":[{"href":"https:\/\/linitiative.ca\/International\/wp-json\/wp\/v2\/posts\/95902","targetHints":{"allow":["GET"]}}],"collection":[{"href":"https:\/\/linitiative.ca\/International\/wp-json\/wp\/v2\/posts"}],"about":[{"href":"https:\/\/linitiative.ca\/International\/wp-json\/wp\/v2\/types\/post"}],"author":[{"embeddable":true,"href":"https:\/\/linitiative.ca\/International\/wp-json\/wp\/v2\/users\/1788"}],"replies":[{"embeddable":true,"href":"https:\/\/linitiative.ca\/International\/wp-json\/wp\/v2\/comments?post=95902"}],"version-history":[{"count":0,"href":"https:\/\/linitiative.ca\/International\/wp-json\/wp\/v2\/posts\/95902\/revisions"}],"wp:attachment":[{"href":"https:\/\/linitiative.ca\/International\/wp-json\/wp\/v2\/media?parent=95902"}],"wp:term":[{"taxonomy":"category","embeddable":true,"href":"https:\/\/linitiative.ca\/International\/wp-json\/wp\/v2\/categories?post=95902"},{"taxonomy":"post_tag","embeddable":true,"href":"https:\/\/linitiative.ca\/International\/wp-json\/wp\/v2\/tags?post=95902"}],"curies":[{"name":"wp","href":"https:\/\/api.w.org\/{rel}","templated":true}]}}