{"id":95911,"date":"2020-08-17T11:28:56","date_gmt":"2020-08-17T15:28:56","guid":{"rendered":"https:\/\/linitiative.ca\/International\/covid-19-loms-inquiete-de-la-situation-au-maroc\/"},"modified":"2020-08-17T11:28:56","modified_gmt":"2020-08-17T15:28:56","slug":"covid-19-loms-inquiete-de-la-situation-au-maroc","status":"publish","type":"post","link":"https:\/\/linitiative.ca\/International\/covid-19-loms-inquiete-de-la-situation-au-maroc\/","title":{"rendered":"Covid-19: L\u2019OMS inqui\u00e8te de la situation au Maroc"},"content":{"rendered":"<div class=\"body\">\n<div class=\"field field-name-body field-type-text-with-summary field-label-hidden\">\n<div class=\"field-items\" readability=\"11\">\n<div class=\"field-item even\" property=\"content:encoded\" readability=\"17\">\n<p class=\"rtejustify\">La situation sanitaire au Maroc inqui\u00e8te l\u2019OMS. Le pays fait face \u00e0 une hausse des infections au nouveau coronavirus, avec plus de 1.000 cas enregistr\u00e9s quotidiennement depuis quelques jours. \u00abLa tendance est \u00e0 la hausse, \u00e0 la fois en nombre de cas et en d\u00e9c\u00e8s\u00bb, tient \u00e0 pr\u00e9ciser le directeur g\u00e9n\u00e9ral de l&rsquo;OMS, Tedros Adhanom Ghebreyesus, lors d&rsquo;une visioconf\u00e9rence depuis Gen\u00e8ve. \u00abLe Maroc devrait faire plus, notamment pour inverser la tendance haussi\u00e8re que nous observons actuellement\u2026\u00bb, a-t-il ajout\u00e9.<br \/><em>F. Z. T.<\/em><\/p>\n<\/div>\n<\/div>\n<\/div>\n<\/div>\n<div class=\"eco-conseil\">\n<div class=\"view view-eco-conseil-16 view-id-eco_conseil_16 view-display-id-cookies view-dom-id-b0da7c8dcc8e3ac3859994ae0181a40b\">\n<div class=\"view-content\">\n<div id=\"views-bootstrap-grid-1\" class=\"views-bootstrap-grid-plugin-style\">\n<div class=\"row\">\n<div class=\" col-xs-12 col-lg-4\">\n<div class=\"row\">\n<div class=\"col col-xs-12 col-lg-12\">\n<div class=\"field-content\"><a href=\"\/article\/1066019-virus-paris-et-marseille-en-zone-rouge\"><img loading=\"lazy\" decoding=\"async\" class=\"img-responsive\" typeof=\"foaf:Image\" src=\"https:\/\/www.leconomiste.com\/sites\/default\/files\/eco7\/public\/styles\/800x400\/public\/default_images\/default_une.jpg?itok=4jZlgnIZ\" width=\"660\" height=\"330\" alt=\"\"\/><\/a><\/div>\n<\/div>\n<div class=\" title_suite_2 col col-xs-12 col-lg-12\"> <a href=\"\/article\/1066019-virus-paris-et-marseille-en-zone-rouge\"\/><span class=\"field-content\">Virus: Paris et Marseille en zone rouge<\/span><\/div>\n<\/div>\n<\/div>\n<div class=\" col-xs-12 col-lg-4\">\n<div class=\"row\">\n<div class=\"col col-xs-12 col-lg-12\">\n<div class=\"field-content\"><a href=\"\/article\/1066018-youssef-amrani-en-campagne\"><img loading=\"lazy\" decoding=\"async\" class=\"img-responsive\" typeof=\"foaf:Image\" src=\"https:\/\/www.leconomiste.com\/sites\/default\/files\/eco7\/public\/styles\/800x400\/public\/default_images\/default_une.jpg?itok=4jZlgnIZ\" width=\"660\" height=\"330\" alt=\"\"\/><\/a><\/div>\n<\/div>\n<div class=\" title_suite_2 col col-xs-12 col-lg-12\"> <a href=\"\/article\/1066018-youssef-amrani-en-campagne\"\/><span class=\"field-content\">Youssef Amrani en campagne<\/span><\/div>\n<\/div>\n<\/div>\n<div class=\" col-xs-12 col-lg-4\">\n<div class=\"row\">\n<div class=\"col col-xs-12 col-lg-12\">\n<div class=\"field-content\"><a href=\"\/article\/1066017-pharmaciens-le-rappel-la-loi\"><img loading=\"lazy\" decoding=\"async\" class=\"img-responsive\" typeof=\"foaf:Image\" src=\"https:\/\/www.leconomiste.com\/sites\/default\/files\/eco7\/public\/styles\/800x400\/public\/default_images\/default_une.jpg?itok=4jZlgnIZ\" width=\"660\" height=\"330\" alt=\"\"\/><\/a><\/div>\n<\/div>\n<div class=\" title_suite_2 col col-xs-12 col-lg-12\"> <a href=\"\/article\/1066017-pharmaciens-le-rappel-la-loi\"\/><span class=\"field-content\">Pharmaciens: Le rappel \u00e0 la loi<\/span><\/div>\n<\/div>\n<\/div>\n<\/div>\n<\/div>\n<\/div>\n<\/div>\n<\/div>\n<p>Auteur: hlafriqi<br \/>\n<a href=\"https:\/\/www.leconomiste.com\/article\/1066016-covid-19-l-oms-inquiete-de-la-situation-au-maroc\">Cliquez ici pour lire l&rsquo;article depuis sa source.<\/a><\/p>\n","protected":false},"excerpt":{"rendered":"<p>La situation sanitaire au Maroc inqui\u00e8te l\u2019OMS. Le pays fait face \u00e0 une hausse des infections au nouveau coronavirus, avec plus de 1.000 cas enregistr\u00e9s quotidiennement depuis quelques jours. \u00abLa tendance est \u00e0 la hausse, \u00e0 la fois en nombre de cas et en d\u00e9c\u00e8s\u00bb, tient \u00e0 pr\u00e9ciser le directeur g\u00e9n\u00e9ral de l&rsquo;OMS, Tedros Adhanom [&hellip;]<\/p>\n","protected":false},"author":1763,"featured_media":0,"comment_status":"closed","ping_status":"closed","sticky":false,"template":"","format":"standard","meta":{"fifu_image_url":"","fifu_image_alt":"","footnotes":""},"categories":[78,54],"tags":[],"class_list":["post-95911","post","type-post","status-publish","format-standard","hentry","category-economie","category-maroc"],"_links":{"self":[{"href":"https:\/\/linitiative.ca\/International\/wp-json\/wp\/v2\/posts\/95911","targetHints":{"allow":["GET"]}}],"collection":[{"href":"https:\/\/linitiative.ca\/International\/wp-json\/wp\/v2\/posts"}],"about":[{"href":"https:\/\/linitiative.ca\/International\/wp-json\/wp\/v2\/types\/post"}],"author":[{"embeddable":true,"href":"https:\/\/linitiative.ca\/International\/wp-json\/wp\/v2\/users\/1763"}],"replies":[{"embeddable":true,"href":"https:\/\/linitiative.ca\/International\/wp-json\/wp\/v2\/comments?post=95911"}],"version-history":[{"count":0,"href":"https:\/\/linitiative.ca\/International\/wp-json\/wp\/v2\/posts\/95911\/revisions"}],"wp:attachment":[{"href":"https:\/\/linitiative.ca\/International\/wp-json\/wp\/v2\/media?parent=95911"}],"wp:term":[{"taxonomy":"category","embeddable":true,"href":"https:\/\/linitiative.ca\/International\/wp-json\/wp\/v2\/categories?post=95911"},{"taxonomy":"post_tag","embeddable":true,"href":"https:\/\/linitiative.ca\/International\/wp-json\/wp\/v2\/tags?post=95911"}],"curies":[{"name":"wp","href":"https:\/\/api.w.org\/{rel}","templated":true}]}}