{"id":95912,"date":"2020-08-17T11:29:40","date_gmt":"2020-08-17T15:29:40","guid":{"rendered":"https:\/\/linitiative.ca\/International\/pharmaciens-le-rappel-a-la-loi\/"},"modified":"2020-08-17T11:29:40","modified_gmt":"2020-08-17T15:29:40","slug":"pharmaciens-le-rappel-a-la-loi","status":"publish","type":"post","link":"https:\/\/linitiative.ca\/International\/pharmaciens-le-rappel-a-la-loi\/","title":{"rendered":"Pharmaciens: Le rappel \u00e0 la loi"},"content":{"rendered":"<div class=\"author\" readability=\"5.6949152542373\"> Par <a href=\"\/content\/nadia-salah\">Nadia SALAH<\/a> <a href=\"\/node\/\"> <\/a> | Edition N\u00b0:5824 Le 17\/08\/2020 | Partager <\/div>\n<div class=\"body\">\n<div class=\"field field-name-body field-type-text-with-summary field-label-hidden\">\n<div class=\"field-items\" readability=\"11\">\n<div class=\"field-item even\" property=\"content:encoded\" readability=\"17\">\n<p class=\"rtejustify\">Les pharmaciens protestent apr\u00e8s plusieurs fermetures administratives d\u2019officines. Ces fermetures ont \u00e9t\u00e9 d\u00e9cid\u00e9es par le minist\u00e8re de l\u2019Int\u00e9rieur lorsque le pharmacien ou un employ\u00e9 est contr\u00f4l\u00e9 positif \u00e0 la Coronavirus. La r\u00e8gle qui est appliqu\u00e9e est le risque de contagion. Mais aussi la pr\u00e9sence, en personne, du pharmacien. Cette derni\u00e8re est une obligation (pr\u00e9sence du pharmacien dipl\u00f4m\u00e9 en personne) que l\u2019on applique depuis des d\u00e9cennies. Quoiqu\u2019il en soit, le Dr. Lahbabi, pr\u00e9sident de la F\u00e9d\u00e9ration nationale des syndicats des pharmaciens, a soulign\u00e9 que la pratique de la fermeture peut gravement nuire \u00ab\u00e0 la continuit\u00e9 des services sanitaires\u00bb pour les populations. C\u2019est pour cela, rappelle-t-il, que la loi pr\u00e9voit explicitement le remplacement du pharmacien malade par un \u00abpharmacien de garde\u00bb.<br \/><em>N.S.<\/em><br \/>\u00a0<\/p>\n<\/div>\n<\/div>\n<\/div>\n<\/div>\n<div class=\"eco-conseil\">\n<div class=\"view view-eco-conseil-16 view-id-eco_conseil_16 view-display-id-cookies view-dom-id-126e97ee50ef13431a2694bf494e9c68\">\n<div class=\"view-content\">\n<div id=\"views-bootstrap-grid-1\" class=\"views-bootstrap-grid-plugin-style\">\n<div class=\"row\">\n<div class=\" col-xs-12 col-lg-4\">\n<div class=\"row\">\n<div class=\"col col-xs-12 col-lg-12\">\n<div class=\"field-content\"><a href=\"\/article\/1066019-virus-paris-et-marseille-en-zone-rouge\"><img loading=\"lazy\" decoding=\"async\" class=\"img-responsive\" typeof=\"foaf:Image\" src=\"https:\/\/www.leconomiste.com\/sites\/default\/files\/eco7\/public\/styles\/800x400\/public\/default_images\/default_une.jpg?itok=4jZlgnIZ\" width=\"660\" height=\"330\" alt=\"\"\/><\/a><\/div>\n<\/div>\n<div class=\" title_suite_2 col col-xs-12 col-lg-12\"> <a href=\"\/article\/1066019-virus-paris-et-marseille-en-zone-rouge\"\/><span class=\"field-content\">Virus: Paris et Marseille en zone rouge<\/span><\/div>\n<\/div>\n<\/div>\n<div class=\" col-xs-12 col-lg-4\">\n<div class=\"row\">\n<div class=\"col col-xs-12 col-lg-12\">\n<div class=\"field-content\"><a href=\"\/article\/1066018-youssef-amrani-en-campagne\"><img loading=\"lazy\" decoding=\"async\" class=\"img-responsive\" typeof=\"foaf:Image\" src=\"https:\/\/www.leconomiste.com\/sites\/default\/files\/eco7\/public\/styles\/800x400\/public\/default_images\/default_une.jpg?itok=4jZlgnIZ\" width=\"660\" height=\"330\" alt=\"\"\/><\/a><\/div>\n<\/div>\n<div class=\" title_suite_2 col col-xs-12 col-lg-12\"> <a href=\"\/article\/1066018-youssef-amrani-en-campagne\"\/><span class=\"field-content\">Youssef Amrani en campagne<\/span><\/div>\n<\/div>\n<\/div>\n<div class=\" col-xs-12 col-lg-4\">\n<div class=\"row\">\n<div class=\"col col-xs-12 col-lg-12\">\n<div class=\"field-content\"><a href=\"\/article\/1066016-covid-19-l-oms-inquiete-de-la-situation-au-maroc\"><img loading=\"lazy\" decoding=\"async\" class=\"img-responsive\" typeof=\"foaf:Image\" src=\"https:\/\/www.leconomiste.com\/sites\/default\/files\/eco7\/public\/styles\/800x400\/public\/default_images\/default_une.jpg?itok=4jZlgnIZ\" width=\"660\" height=\"330\" alt=\"\"\/><\/a><\/div>\n<\/div>\n<div class=\" title_suite_2 col col-xs-12 col-lg-12\"> <a href=\"\/article\/1066016-covid-19-l-oms-inquiete-de-la-situation-au-maroc\"\/><span class=\"field-content\">Covid-19: L\u2019OMS inqui\u00e8te de la situation au Maroc<\/span><\/div>\n<\/div>\n<\/div>\n<\/div>\n<\/div>\n<\/div>\n<\/div>\n<\/div>\n<p>Auteur: hlafriqi<br \/>\n<a href=\"https:\/\/www.leconomiste.com\/article\/1066017-pharmaciens-le-rappel-la-loi\">Cliquez ici pour lire l&rsquo;article depuis sa source.<\/a><\/p>\n","protected":false},"excerpt":{"rendered":"<p>Par Nadia SALAH | Edition N\u00b0:5824 Le 17\/08\/2020 | Partager Les pharmaciens protestent apr\u00e8s plusieurs fermetures administratives d\u2019officines. Ces fermetures ont \u00e9t\u00e9 d\u00e9cid\u00e9es par le minist\u00e8re de l\u2019Int\u00e9rieur lorsque le pharmacien ou un employ\u00e9 est contr\u00f4l\u00e9 positif \u00e0 la Coronavirus. La r\u00e8gle qui est appliqu\u00e9e est le risque de contagion. Mais aussi la pr\u00e9sence, en [&hellip;]<\/p>\n","protected":false},"author":1763,"featured_media":0,"comment_status":"closed","ping_status":"closed","sticky":false,"template":"","format":"standard","meta":{"fifu_image_url":"","fifu_image_alt":"","footnotes":""},"categories":[78,54],"tags":[],"class_list":["post-95912","post","type-post","status-publish","format-standard","hentry","category-economie","category-maroc"],"_links":{"self":[{"href":"https:\/\/linitiative.ca\/International\/wp-json\/wp\/v2\/posts\/95912","targetHints":{"allow":["GET"]}}],"collection":[{"href":"https:\/\/linitiative.ca\/International\/wp-json\/wp\/v2\/posts"}],"about":[{"href":"https:\/\/linitiative.ca\/International\/wp-json\/wp\/v2\/types\/post"}],"author":[{"embeddable":true,"href":"https:\/\/linitiative.ca\/International\/wp-json\/wp\/v2\/users\/1763"}],"replies":[{"embeddable":true,"href":"https:\/\/linitiative.ca\/International\/wp-json\/wp\/v2\/comments?post=95912"}],"version-history":[{"count":0,"href":"https:\/\/linitiative.ca\/International\/wp-json\/wp\/v2\/posts\/95912\/revisions"}],"wp:attachment":[{"href":"https:\/\/linitiative.ca\/International\/wp-json\/wp\/v2\/media?parent=95912"}],"wp:term":[{"taxonomy":"category","embeddable":true,"href":"https:\/\/linitiative.ca\/International\/wp-json\/wp\/v2\/categories?post=95912"},{"taxonomy":"post_tag","embeddable":true,"href":"https:\/\/linitiative.ca\/International\/wp-json\/wp\/v2\/tags?post=95912"}],"curies":[{"name":"wp","href":"https:\/\/api.w.org\/{rel}","templated":true}]}}