{"id":95913,"date":"2020-08-17T11:31:02","date_gmt":"2020-08-17T15:31:02","guid":{"rendered":"https:\/\/linitiative.ca\/International\/youssef-amrani-en-campagne\/"},"modified":"2020-08-17T11:31:02","modified_gmt":"2020-08-17T15:31:02","slug":"youssef-amrani-en-campagne","status":"publish","type":"post","link":"https:\/\/linitiative.ca\/International\/youssef-amrani-en-campagne\/","title":{"rendered":"Youssef Amrani en campagne"},"content":{"rendered":"<div class=\"author\" readability=\"5.6949152542373\"> Par <a href=\"\/content\/nadia-salah\">Nadia SALAH<\/a> <a href=\"\/node\/\"> <\/a> | Edition N\u00b0:5824 Le 17\/08\/2020 | Partager <\/div>\n<div class=\"body\">\n<div class=\"field field-name-body field-type-text-with-summary field-label-hidden\">\n<div class=\"field-items\" readability=\"11.5\">\n<div class=\"field-item even\" property=\"content:encoded\" readability=\"18\">\n<p class=\"rtejustify\">L\u2019ambassadeur du Royaume, Youssef Amrani, en poste en Afrique du Sud, vient de lancer une campagne d\u2019informations sur les v\u00e9rit\u00e9s et mensonges autour du Sahara marocain. Rappelons que c\u2019est dans ce pays que la justice s\u2019est crue en devoir de saisir un navire transportant du phosphate destin\u00e9 \u00e0 la Nouvelle Z\u00e9lande et provenant du Maroc. Une ONG bas\u00e9e en Grande Bretagne avait longuement pist\u00e9 le b\u00e2timent en attendant qu\u2019il se trouve dans les eaux sud-africaines, o\u00f9 elle a utilis\u00e9 la fake news classique: tout le phosphate marocain se trouve au Sahara et l\u2019OCP le pille. La r\u00e9alit\u00e9 est que Phosboucraa est une petite exploitation non rentable, subventionn\u00e9e par les autres mines pour des raisons sociales, Ces autres mines, \u00e0 elles seules, comptent 75% des r\u00e9serves mondiale.<br \/><em>N.S.<\/em><\/p>\n<\/div>\n<\/div>\n<\/div>\n<\/div>\n<div class=\"eco-conseil\">\n<div class=\"view view-eco-conseil-16 view-id-eco_conseil_16 view-display-id-cookies view-dom-id-6d26458c6e6ba26caf3d9dc8e2f7324b\">\n<div class=\"view-content\">\n<div id=\"views-bootstrap-grid-1\" class=\"views-bootstrap-grid-plugin-style\">\n<div class=\"row\">\n<div class=\" col-xs-12 col-lg-4\">\n<div class=\"row\">\n<div class=\"col col-xs-12 col-lg-12\">\n<div class=\"field-content\"><a href=\"\/article\/1066019-virus-paris-et-marseille-en-zone-rouge\"><img loading=\"lazy\" decoding=\"async\" class=\"img-responsive\" typeof=\"foaf:Image\" src=\"https:\/\/www.leconomiste.com\/sites\/default\/files\/eco7\/public\/styles\/800x400\/public\/default_images\/default_une.jpg?itok=4jZlgnIZ\" width=\"660\" height=\"330\" alt=\"\"\/><\/a><\/div>\n<\/div>\n<div class=\" title_suite_2 col col-xs-12 col-lg-12\"> <a href=\"\/article\/1066019-virus-paris-et-marseille-en-zone-rouge\"\/><span class=\"field-content\">Virus: Paris et Marseille en zone rouge<\/span><\/div>\n<\/div>\n<\/div>\n<div class=\" col-xs-12 col-lg-4\">\n<div class=\"row\">\n<div class=\"col col-xs-12 col-lg-12\">\n<div class=\"field-content\"><a href=\"\/article\/1066017-pharmaciens-le-rappel-la-loi\"><img loading=\"lazy\" decoding=\"async\" class=\"img-responsive\" typeof=\"foaf:Image\" src=\"https:\/\/www.leconomiste.com\/sites\/default\/files\/eco7\/public\/styles\/800x400\/public\/default_images\/default_une.jpg?itok=4jZlgnIZ\" width=\"660\" height=\"330\" alt=\"\"\/><\/a><\/div>\n<\/div>\n<div class=\" title_suite_2 col col-xs-12 col-lg-12\"> <a href=\"\/article\/1066017-pharmaciens-le-rappel-la-loi\"\/><span class=\"field-content\">Pharmaciens: Le rappel \u00e0 la loi<\/span><\/div>\n<\/div>\n<\/div>\n<div class=\" col-xs-12 col-lg-4\">\n<div class=\"row\">\n<div class=\"col col-xs-12 col-lg-12\">\n<div class=\"field-content\"><a href=\"\/article\/1066016-covid-19-l-oms-inquiete-de-la-situation-au-maroc\"><img loading=\"lazy\" decoding=\"async\" class=\"img-responsive\" typeof=\"foaf:Image\" src=\"https:\/\/www.leconomiste.com\/sites\/default\/files\/eco7\/public\/styles\/800x400\/public\/default_images\/default_une.jpg?itok=4jZlgnIZ\" width=\"660\" height=\"330\" alt=\"\"\/><\/a><\/div>\n<\/div>\n<div class=\" title_suite_2 col col-xs-12 col-lg-12\"> <a href=\"\/article\/1066016-covid-19-l-oms-inquiete-de-la-situation-au-maroc\"\/><span class=\"field-content\">Covid-19: L\u2019OMS inqui\u00e8te de la situation au Maroc<\/span><\/div>\n<\/div>\n<\/div>\n<\/div>\n<\/div>\n<\/div>\n<\/div>\n<\/div>\n<p>Auteur: hlafriqi<br \/>\n<a href=\"https:\/\/www.leconomiste.com\/article\/1066018-youssef-amrani-en-campagne\">Cliquez ici pour lire l&rsquo;article depuis sa source.<\/a><\/p>\n","protected":false},"excerpt":{"rendered":"<p>Par Nadia SALAH | Edition N\u00b0:5824 Le 17\/08\/2020 | Partager L\u2019ambassadeur du Royaume, Youssef Amrani, en poste en Afrique du Sud, vient de lancer une campagne d\u2019informations sur les v\u00e9rit\u00e9s et mensonges autour du Sahara marocain. Rappelons que c\u2019est dans ce pays que la justice s\u2019est crue en devoir de saisir un navire transportant du [&hellip;]<\/p>\n","protected":false},"author":1763,"featured_media":0,"comment_status":"closed","ping_status":"closed","sticky":false,"template":"","format":"standard","meta":{"fifu_image_url":"","fifu_image_alt":"","footnotes":""},"categories":[78,54],"tags":[],"class_list":["post-95913","post","type-post","status-publish","format-standard","hentry","category-economie","category-maroc"],"_links":{"self":[{"href":"https:\/\/linitiative.ca\/International\/wp-json\/wp\/v2\/posts\/95913","targetHints":{"allow":["GET"]}}],"collection":[{"href":"https:\/\/linitiative.ca\/International\/wp-json\/wp\/v2\/posts"}],"about":[{"href":"https:\/\/linitiative.ca\/International\/wp-json\/wp\/v2\/types\/post"}],"author":[{"embeddable":true,"href":"https:\/\/linitiative.ca\/International\/wp-json\/wp\/v2\/users\/1763"}],"replies":[{"embeddable":true,"href":"https:\/\/linitiative.ca\/International\/wp-json\/wp\/v2\/comments?post=95913"}],"version-history":[{"count":0,"href":"https:\/\/linitiative.ca\/International\/wp-json\/wp\/v2\/posts\/95913\/revisions"}],"wp:attachment":[{"href":"https:\/\/linitiative.ca\/International\/wp-json\/wp\/v2\/media?parent=95913"}],"wp:term":[{"taxonomy":"category","embeddable":true,"href":"https:\/\/linitiative.ca\/International\/wp-json\/wp\/v2\/categories?post=95913"},{"taxonomy":"post_tag","embeddable":true,"href":"https:\/\/linitiative.ca\/International\/wp-json\/wp\/v2\/tags?post=95913"}],"curies":[{"name":"wp","href":"https:\/\/api.w.org\/{rel}","templated":true}]}}