{"id":95914,"date":"2020-08-17T11:32:10","date_gmt":"2020-08-17T15:32:10","guid":{"rendered":"https:\/\/linitiative.ca\/International\/virus-paris-et-marseille-en-zone-rouge\/"},"modified":"2020-08-17T11:32:10","modified_gmt":"2020-08-17T15:32:10","slug":"virus-paris-et-marseille-en-zone-rouge","status":"publish","type":"post","link":"https:\/\/linitiative.ca\/International\/virus-paris-et-marseille-en-zone-rouge\/","title":{"rendered":"Virus: Paris et Marseille en zone rouge"},"content":{"rendered":"<div class=\"author\" readability=\"5.6949152542373\"> Par <a href=\"\/content\/nadia-salah\">Nadia SALAH<\/a> <a href=\"\/node\/\"> <\/a> | Edition N\u00b0:5824 Le 17\/08\/2020 | Partager <\/div>\n<div class=\"body\">\n<div class=\"field field-name-body field-type-text-with-summary field-label-hidden\">\n<div class=\"field-items\" readability=\"9\">\n<div class=\"field-item even\" property=\"content:encoded\" readability=\"13\">\n<p class=\"rtejustify\">Le gouvernement fran\u00e7ais a plac\u00e9 vendredi 14 ao\u00fbt, au matin, Paris et toutes les Bouches-du-Rh\u00f4ne (d\u00e9partement de Marseille) en zone rouge. Cette classification place ces r\u00e9gions sous l\u2019autorit\u00e9 directe et sans appel du pr\u00e9fet (\u00e9quivalent du gouverneur). On s\u2019attend \u00e0 un s\u00e9rieux retour en arri\u00e8re par rapport aux libert\u00e9s obtenues en France depuis la mi-juin. L\u2019explication donn\u00e9e est que le virus circule tr\u00e8s vite et s\u2019attaque \u00e0 la population jeune. Appr\u00e9ci\u00e9 pour ses positions de bon sens, le journaliste Jean Quatremer a comment\u00e9: \u00abLes petits dictateurs se sentent pousser des ailes \u00bb.<br \/><em>N.S.<\/em><\/p>\n<\/div>\n<\/div>\n<\/div>\n<\/div>\n<div class=\"eco-conseil\">\n<div class=\"view view-eco-conseil-16 view-id-eco_conseil_16 view-display-id-cookies view-dom-id-5decfa265df5ae997929a1c04cd05f7c\">\n<div class=\"view-content\">\n<div id=\"views-bootstrap-grid-1\" class=\"views-bootstrap-grid-plugin-style\">\n<div class=\"row\">\n<div class=\" col-xs-12 col-lg-4\">\n<div class=\"row\">\n<div class=\"col col-xs-12 col-lg-12\">\n<div class=\"field-content\"><a href=\"\/article\/1066018-youssef-amrani-en-campagne\"><img loading=\"lazy\" decoding=\"async\" class=\"img-responsive\" typeof=\"foaf:Image\" src=\"https:\/\/www.leconomiste.com\/sites\/default\/files\/eco7\/public\/styles\/800x400\/public\/default_images\/default_une.jpg?itok=4jZlgnIZ\" width=\"660\" height=\"330\" alt=\"\"\/><\/a><\/div>\n<\/div>\n<div class=\" title_suite_2 col col-xs-12 col-lg-12\"> <a href=\"\/article\/1066018-youssef-amrani-en-campagne\"\/><span class=\"field-content\">Youssef Amrani en campagne<\/span><\/div>\n<\/div>\n<\/div>\n<div class=\" col-xs-12 col-lg-4\">\n<div class=\"row\">\n<div class=\"col col-xs-12 col-lg-12\">\n<div class=\"field-content\"><a href=\"\/article\/1066017-pharmaciens-le-rappel-la-loi\"><img loading=\"lazy\" decoding=\"async\" class=\"img-responsive\" typeof=\"foaf:Image\" src=\"https:\/\/www.leconomiste.com\/sites\/default\/files\/eco7\/public\/styles\/800x400\/public\/default_images\/default_une.jpg?itok=4jZlgnIZ\" width=\"660\" height=\"330\" alt=\"\"\/><\/a><\/div>\n<\/div>\n<div class=\" title_suite_2 col col-xs-12 col-lg-12\"> <a href=\"\/article\/1066017-pharmaciens-le-rappel-la-loi\"\/><span class=\"field-content\">Pharmaciens: Le rappel \u00e0 la loi<\/span><\/div>\n<\/div>\n<\/div>\n<div class=\" col-xs-12 col-lg-4\">\n<div class=\"row\">\n<div class=\"col col-xs-12 col-lg-12\">\n<div class=\"field-content\"><a href=\"\/article\/1066016-covid-19-l-oms-inquiete-de-la-situation-au-maroc\"><img loading=\"lazy\" decoding=\"async\" class=\"img-responsive\" typeof=\"foaf:Image\" src=\"https:\/\/www.leconomiste.com\/sites\/default\/files\/eco7\/public\/styles\/800x400\/public\/default_images\/default_une.jpg?itok=4jZlgnIZ\" width=\"660\" height=\"330\" alt=\"\"\/><\/a><\/div>\n<\/div>\n<div class=\" title_suite_2 col col-xs-12 col-lg-12\"> <a href=\"\/article\/1066016-covid-19-l-oms-inquiete-de-la-situation-au-maroc\"\/><span class=\"field-content\">Covid-19: L\u2019OMS inqui\u00e8te de la situation au Maroc<\/span><\/div>\n<\/div>\n<\/div>\n<\/div>\n<\/div>\n<\/div>\n<\/div>\n<\/div>\n<p>Auteur: hlafriqi<br \/>\n<a href=\"https:\/\/www.leconomiste.com\/article\/1066019-virus-paris-et-marseille-en-zone-rouge\">Cliquez ici pour lire l&rsquo;article depuis sa source.<\/a><\/p>\n","protected":false},"excerpt":{"rendered":"<p>Par Nadia SALAH | Edition N\u00b0:5824 Le 17\/08\/2020 | Partager Le gouvernement fran\u00e7ais a plac\u00e9 vendredi 14 ao\u00fbt, au matin, Paris et toutes les Bouches-du-Rh\u00f4ne (d\u00e9partement de Marseille) en zone rouge. Cette classification place ces r\u00e9gions sous l\u2019autorit\u00e9 directe et sans appel du pr\u00e9fet (\u00e9quivalent du gouverneur). On s\u2019attend \u00e0 un s\u00e9rieux retour en arri\u00e8re [&hellip;]<\/p>\n","protected":false},"author":1763,"featured_media":0,"comment_status":"closed","ping_status":"closed","sticky":false,"template":"","format":"standard","meta":{"fifu_image_url":"","fifu_image_alt":"","footnotes":""},"categories":[78,54],"tags":[],"class_list":["post-95914","post","type-post","status-publish","format-standard","hentry","category-economie","category-maroc"],"_links":{"self":[{"href":"https:\/\/linitiative.ca\/International\/wp-json\/wp\/v2\/posts\/95914","targetHints":{"allow":["GET"]}}],"collection":[{"href":"https:\/\/linitiative.ca\/International\/wp-json\/wp\/v2\/posts"}],"about":[{"href":"https:\/\/linitiative.ca\/International\/wp-json\/wp\/v2\/types\/post"}],"author":[{"embeddable":true,"href":"https:\/\/linitiative.ca\/International\/wp-json\/wp\/v2\/users\/1763"}],"replies":[{"embeddable":true,"href":"https:\/\/linitiative.ca\/International\/wp-json\/wp\/v2\/comments?post=95914"}],"version-history":[{"count":0,"href":"https:\/\/linitiative.ca\/International\/wp-json\/wp\/v2\/posts\/95914\/revisions"}],"wp:attachment":[{"href":"https:\/\/linitiative.ca\/International\/wp-json\/wp\/v2\/media?parent=95914"}],"wp:term":[{"taxonomy":"category","embeddable":true,"href":"https:\/\/linitiative.ca\/International\/wp-json\/wp\/v2\/categories?post=95914"},{"taxonomy":"post_tag","embeddable":true,"href":"https:\/\/linitiative.ca\/International\/wp-json\/wp\/v2\/tags?post=95914"}],"curies":[{"name":"wp","href":"https:\/\/api.w.org\/{rel}","templated":true}]}}