{"id":95951,"date":"2020-08-17T12:11:37","date_gmt":"2020-08-17T16:11:37","guid":{"rendered":"https:\/\/linitiative.ca\/International\/ram-lassociation-des-pilotes-de-lignes-propose-une-suspension-des-primes-pour-preserver-les-emplois\/"},"modified":"2020-08-17T12:11:37","modified_gmt":"2020-08-17T16:11:37","slug":"ram-lassociation-des-pilotes-de-lignes-propose-une-suspension-des-primes-pour-preserver-les-emplois","status":"publish","type":"post","link":"https:\/\/linitiative.ca\/International\/ram-lassociation-des-pilotes-de-lignes-propose-une-suspension-des-primes-pour-preserver-les-emplois\/","title":{"rendered":"RAM : l\u2019association des pilotes de lignes propose une suspension des primes pour pr\u00e9server les emplois"},"content":{"rendered":"<p><strong>Une lettre et un communiqu\u00e9. C\u2019est par cette voie que l\u2019Association Marocaine des Pilotes de Ligne ( AMPL) a d\u00e9cid\u00e9 d\u2019attirer l\u2019attention de Madame le Gouverneur Khadija Benchouikh sur la situation qui pr\u00e9vaut au sein de la <a rel=\"noreferrer noopener\" aria-label=\"Royal Air Maroc (opens in a new tab)\" href=\"https:\/\/www.royalairmaroc.com\/fr-fr\" target=\"_blank\">Royal Air Maroc<\/a>. En cause, une proc\u00e9dure de licenciement pour raison \u00e9conomique pour laquelle Madame le Gouverneur ne ferait pas preuve d\u2019impartialit\u00e9 telle qu\u2019on devrait en attendre d\u2019une telle autorit\u00e9. \u00a0\u00c0 l\u2019inverse, l\u2019association propose un gel des versements de primes, suffisant pour atteindre les objectifs d\u2019\u00e9conomie demand\u00e9s \u00e0 la compagnie.<\/strong><\/p>\n<div class=\"c10\"\/>\n<p>Dans la lettre qui accompagne, l\u2019AMPL dit s\u2019adresser \u00e0 Khadija Benchouikh en sa \u00ab\u00a0qualit\u00e9 de Gouverneur en charge de l\u2019\u00e9tude et le cas \u00e9ch\u00e9ant des autorisations des demandes de licenciements collectifs pour motif \u00e9conomique(\u2026) \u00bb. Devant le constat amer d\u2019une d\u00e9cision ent\u00e9rin\u00e9e de proc\u00e9der au licenciement \u00e9conomique, plut\u00f4t qu\u2019\u00e0 \u0153uvrer \u00e0 la recherche de solutions alternatives, l\u2019AMPL ne m\u00e2che pas ses mots, et parle de simulacre de proc\u00e9dure.\u00a0 \u00abMalheureusement, le simulacre de proc\u00e9dure et l\u2019absence de contr\u00f4le de la bonne foi de la RAM ainsi que du respect de la loi et du droit sont de nature \u00e0 ouvrir la voie \u00e0 l\u2019utilisation massive des licenciements pour motif \u00e9conomique dans notre Royaume et ainsi plonger des milliers de nos concitoyens dans la pr\u00e9carit\u00e9. L\u2019absence de volont\u00e9 de contr\u00f4le du respect de la loi provoquerait ainsi une situation d\u2019ins\u00e9curit\u00e9 juridique et sociale pour une part grandissante des salari\u00e9s de RAM et de leurs familles, et du tissu social en g\u00e9n\u00e9ral dont vous avez la responsabilit\u00e9\u00bb, d\u00e9clare l\u2019Association dans la lettre.<\/p>\n<p><strong>Lire aussi | <a href=\"https:\/\/www.challenge.ma\/le-haut-commissariat-au-plan-prevoit-une-recession-economique-de-58-du-pib-152977\/\" target=\"_blank\" rel=\"noreferrer noopener\" aria-label=\"R&#xE9;cession : le HCP pr&#xE9;vient de l&#x2019;atterrissage brutal en 2020 (opens in a new tab)\">R\u00e9cession : le HCP pr\u00e9vient de l\u2019atterrissage brutal en 2020<\/a><\/strong><\/p>\n<p>La correspondance adress\u00e9e aujourd\u2019hui m\u00eame \u00e0 l\u2019autorit\u00e9 s\u2019\u00e9tonne de la c\u00e9l\u00e9rit\u00e9 de la proc\u00e9dure men\u00e9e et notamment par le non-respect par la d\u00e9l\u00e9gu\u00e9e provinciale de l\u2019emploi de ses obligations et pr\u00e9rogatives l\u00e9gales notamment en mati\u00e8re d\u2019investigations et de v\u00e9rifications de la validit\u00e9 tant sur la forme que sur le fond de la demande d\u2019autorisation pr\u00e9sent\u00e9e par RAM. \u00ab\u00a0Investigations qui n\u2019ont pas \u00e9t\u00e9 men\u00e9es et qui de toute fa\u00e7on ne pouvaient mat\u00e9riellement pas \u00eatre men\u00e9es faute de temps et faute \u00e9galement pour RAM d\u2019avoir transmis les \u00e9l\u00e9ments pertinents\u00a0\u00bb, avance la lettre. En clair, tout se passerait comme si la dirigeante de la province de Hay Hassani et la commission mont\u00e9e \u00e0 l\u2019occasion pour trancher sur cette affaire avaient pris fait et cause pour Royal Air Maroc et n\u2019ont pas cherch\u00e9 \u00e0 explorer des alternatives tendant m\u00eame \u00e0 pr\u00e9server des emplois. \u00ab\u00a0Vous comprendrez que cette situation puisse nous interpeller et susciter de tr\u00e8s grandes inqui\u00e9tudes parmi le personnel de RAM et ce d\u2019autant plus que nous n\u2019avons re\u00e7u aucune r\u00e9ponse de votre part \u00e0 nos \u00e9crits alors m\u00eame que vous avez r\u00e9agi avec une tr\u00e8s grande diligence \u00e0 la r\u00e9ception de la demande de RAM, et ce \u00e0 plus forte raison si la soci\u00e9t\u00e9 demanderesse de la proc\u00e9dure refuse de se conformer \u00e0 la loi, au droit et aux engagements pris pour pr\u00e9server la paix sociale\u00a0\u00bb, r\u00e9v\u00e8le la lettre. L\u2019association pointe l\u2019absence d\u2019une tentative de n\u00e9gociation, de concertation men\u00e9e par RAM pr\u00e9alablement \u00e0 l\u2019annonce de sa volont\u00e9 de r\u00e9duire drastiquement les effectifs, \u00ab\u00a0et ce alors m\u00eame que les repr\u00e9sentants du personnel sont tout \u00e0 fait dispos\u00e9s \u00e0 faire les sacrifices n\u00e9cessaires pour surmonter la crise actuelle qui est certes grave mais fort heureusement tr\u00e8s temporaire\u00a0\u00bb, affirme l\u2019association.<\/p>\n<p><strong>Abandonner les primes<\/strong><\/p>\n<p>\u00ab\u00a0Comment statuer de bonne foi et de mani\u00e8re impartiale sur demande d\u2019autorisation de RAM si l\u2019ensemble des d\u00e9marches pr\u00e9alables notamment la consultation, la n\u00e9gociation et la concertation, la transmission de document, l\u2019enqu\u00eate du d\u00e9l\u00e9gu\u00e9 provincial exig\u00e9e par la Loi et le Code du travail n\u2019ont absolument pas \u00e9t\u00e9 respect\u00e9s\u00a0\u00bb, se demande l\u2019AMPL, pointant du doigt\u00a0 le fait que les documents importants devant permettre au d\u00e9l\u00e9gu\u00e9 provincial de faire son travail ne lui ont pas \u00e9t\u00e9 communiqu\u00e9s, pas plus qu\u2019aux repr\u00e9sentants de l\u2019Association.<\/p>\n<p><strong>Lire aussi | <a href=\"https:\/\/www.challenge.ma\/pourquoi-les-marocains-se-tournent-de-plus-en-plus-vers-le-canada-152627\/\" target=\"_blank\" rel=\"noreferrer noopener\" aria-label=\"Pourquoi les Marocains se tournent de plus en plus vers le Canada&#xA0;? (opens in a new tab)\">Pourquoi les Marocains se tournent de plus en plus vers le Canada\u00a0?<\/a><\/strong><\/p>\n<p>Pour parer \u00e0 cette situation et \u00e9viter des licenciements qui \u00ab\u00a0fragiliseront toute la soci\u00e9t\u00e9\u00a0\u00bb, les cons\u00e9quences humaines, psychologiques et financi\u00e8res d\u00e9sastreuses d\u2019une telle situation, l\u2019AMPL propose de l\u00e2cher du lest sur les traitements et salaires. En effet, l\u2019association avance que \u00ab\u00a0le Corps du Personnel Navigant Technique est collectivement dispos\u00e9 \u00e0 prendre en charge par une r\u00e9duction corr\u00e9lative de ses \u00e9moluments financiers le co\u00fbt de la r\u00e9duction de la masse salariale dont aurait b\u00e9n\u00e9fici\u00e9 RAM en proc\u00e9dant aux licenciements \u00e9conomiques envisag\u00e9es de l\u2019ensemble des salari\u00e9s RAM, \u00e0 savoir, les pilotes, les personnels navigants de cabine et les personnels au sol (soit 140 salari\u00e9s au total objet de la demande de licenciement \u00e9conomique). L\u2019AMPL propose ainsi un gel complet du versement des primes variables pour l\u2019ensemble du personnel b\u00e9n\u00e9ficiaire de cette prime\u00a0; ce qui permettrait, sur la base des chiffres de 2018, de r\u00e9aliser des \u00e9conomies additionnelles de 154 millions de dirhams dont 87 millions pour le personnel navigant technique (PNT) et 60 millions pour le personnel au sol. L\u2019association dit se tenir disponible pour signer un Accord de Solidarit\u00e9 et d\u2019Avenir dans l\u2019objectif essentiel de pr\u00e9server les emplois.<\/p>\n<p>Cette proposition trouvera-t-elle gr\u00e2ce aux yeux de la RAM et de la pr\u00e9fecture de Hay Hassani qui semble n\u2019avoir tendu qu\u2019une oreille sourde aux d\u00e9sarrois du personnel\u00a0? R\u00e9ponse tr\u00e8s bient\u00f4t.<\/p>\n<p><a href=\"https:\/\/www.challenge.ma\/wp-content\/uploads\/2020\/08\/Lettre-au-Gouverneur-et-PJ_Alerte-Dossier-RAM-du-17aout20.pdf\">https:\/\/www.challenge.ma\/wp-content\/uploads\/2020\/08\/Lettre-au-Gouverneur-et-PJ_Alerte-Dossier-RAM-du-17aout20.pdf<\/a> [ Document ]<\/p>\n<div class=\"vw-sticky-sidebar-wrapper vw-sticky-sidebar widget_text awac-wrapper widget_text awac widget custom_html-4 textwidget custom-html-widget\">\n<p class=\"has-background c12\"><span class=\"widget-title c11\">Tribune et D\u00e9bats<\/span><\/p>\n<p>La tribune qui vous parle d\u2019une actu, d\u2019un sujet qui fait d\u00e9bat, les traitent et les analysent. \u00c9conomistes et autres experts, patrons d\u2019entreprises, d\u00e9cideurs, acteurs de la soci\u00e9t\u00e9 civile, s\u2019y prononcent et contribuent \u00e0 sa grande richesse. Vous avez votre opinion, convergente ou diff\u00e9rente. Exprimez-la et mesurez-vous ainsi \u00e0 nos tribuns et d\u00e9batteurs.<\/p>\n<p>Envoyez vos analyses \u00e0 : <a href=\"\/cdn-cgi\/l\/email-protection#5a3935342e3b392e1a39323b36363f343d3f74373b\"><span class=\"__cf_email__\" data-cfemail=\"ddbeb2b3a9bcbea99dbeb5bcb1b1b8b3bab8f3b0bc\">[email\u00a0protected]<\/span><\/a>, en pr\u00e9cisant votre nom, votre pr\u00e9nom et votre m\u00e9tier.<\/p>\n<\/div>\n<p>Auteur: challenge<br \/>\n<a href=\"https:\/\/www.challenge.ma\/licenciement-a-ram-le-torchon-brule-desormais-entre-lampl-et-le-gouverneur-de-hay-hassani-152988\/\">Cliquez ici pour lire l&rsquo;article depuis sa source.<\/a><\/p>\n","protected":false},"excerpt":{"rendered":"<p>Une lettre et un communiqu\u00e9. C\u2019est par cette voie que l\u2019Association Marocaine des Pilotes de Ligne ( AMPL) a d\u00e9cid\u00e9 d\u2019attirer l\u2019attention de Madame le Gouverneur Khadija Benchouikh sur la situation qui pr\u00e9vaut au sein de la Royal Air Maroc. En cause, une proc\u00e9dure de licenciement pour raison \u00e9conomique pour laquelle Madame le Gouverneur ne [&hellip;]<\/p>\n","protected":false},"author":1787,"featured_media":0,"comment_status":"closed","ping_status":"closed","sticky":false,"template":"","format":"standard","meta":{"fifu_image_url":"","fifu_image_alt":"","footnotes":""},"categories":[78,54],"tags":[],"class_list":["post-95951","post","type-post","status-publish","format-standard","hentry","category-economie","category-maroc"],"_links":{"self":[{"href":"https:\/\/linitiative.ca\/International\/wp-json\/wp\/v2\/posts\/95951","targetHints":{"allow":["GET"]}}],"collection":[{"href":"https:\/\/linitiative.ca\/International\/wp-json\/wp\/v2\/posts"}],"about":[{"href":"https:\/\/linitiative.ca\/International\/wp-json\/wp\/v2\/types\/post"}],"author":[{"embeddable":true,"href":"https:\/\/linitiative.ca\/International\/wp-json\/wp\/v2\/users\/1787"}],"replies":[{"embeddable":true,"href":"https:\/\/linitiative.ca\/International\/wp-json\/wp\/v2\/comments?post=95951"}],"version-history":[{"count":0,"href":"https:\/\/linitiative.ca\/International\/wp-json\/wp\/v2\/posts\/95951\/revisions"}],"wp:attachment":[{"href":"https:\/\/linitiative.ca\/International\/wp-json\/wp\/v2\/media?parent=95951"}],"wp:term":[{"taxonomy":"category","embeddable":true,"href":"https:\/\/linitiative.ca\/International\/wp-json\/wp\/v2\/categories?post=95951"},{"taxonomy":"post_tag","embeddable":true,"href":"https:\/\/linitiative.ca\/International\/wp-json\/wp\/v2\/tags?post=95951"}],"curies":[{"name":"wp","href":"https:\/\/api.w.org\/{rel}","templated":true}]}}