{"id":95973,"date":"2020-08-17T12:25:13","date_gmt":"2020-08-17T16:25:13","guid":{"rendered":"https:\/\/linitiative.ca\/International\/coronavirus-le-cameroun-dans-une-phase-de-normalisation-msf\/"},"modified":"2020-08-17T12:25:13","modified_gmt":"2020-08-17T16:25:13","slug":"coronavirus-le-cameroun-dans-une-phase-de-normalisation-msf","status":"publish","type":"post","link":"https:\/\/linitiative.ca\/International\/coronavirus-le-cameroun-dans-une-phase-de-normalisation-msf\/","title":{"rendered":"Coronavirus: le Cameroun dans une phase de \u201cnormalisation\u201d (MSF)"},"content":{"rendered":"<div readability=\"32\">\n<p>Publi\u00e9 le 17.08.2020 \u00e0 17h25 par Eug\u00e8ne Shema<\/p>\n<\/div>\n<div readability=\"77.352159468439\">\n<h2>Il s\u2019agit d\u2019une phase de transmission accrue et durable du virus \u00e0 laquelle le pays doit s\u2019habituer en attendant un vaccin ou un traitement, selon l\u2019organisation M\u00e9decins Sans Fronti\u00e8res<\/h2>\n<p><span class=\"c6\">Avec 18 000 cas confirm\u00e9s d\u2019infection au<\/span> <strong>Covid-19<\/strong> <span class=\"c6\">\u00e0 la mi-ao\u00fbt 2020, pour 395 d\u00e9c\u00e8s et plus de 15 000 gu\u00e9risons, le <strong>Cameroun<\/strong>, comme de nombreux pays africains, se trouve actuellement dans une phase de <em>\u201cnormalisation\u201d<\/em> par rapport \u00e0 la progression de la maladie \u00e0 coronavirus, estime <strong>M\u00e9decins Sans Fronti\u00e8res\u00a0<\/strong>(MSF).<\/span><\/p>\n<p><span class=\"c6\">Il s\u2019agit d\u2019<\/span><em><span class=\"c6\">\u201cune transmission accrue et durable du virus dans la population, \u00e0 laquelle nous devons faire face jusqu\u2019\u00e0 l\u2019obtention d\u2019un vaccin ou d\u2019un traitement accessible, disponible et abordable dans les pays africains\u201d,<\/span><\/em> <span class=\"c6\">explique l\u2019organisation humanitaire m\u00e9dicale dans une<\/span> <a href=\"https:\/\/www.msf.fr\/actualites\/cameroun-l-acces-aux-outils-de-diagnostic-est-essentiel-dans-la-reponse-au-coronavirus\"><span class=\"c6\">note d\u2019information<\/span><\/a> <span class=\"c6\">publi\u00e9e sur son site web le 14 ao\u00fbt dernier.<\/span><\/p>\n<p><span class=\"c6\">Au Cameroun,<\/span> <em><span class=\"c6\">\u201cle nombre de d\u00e9c\u00e8s demeure relativement faible, avec un taux de mortalit\u00e9 d\u2019environ 2 \u00e0 3 %\u201d<\/span><\/em><span class=\"c6\">, souligne MSF.<\/span><\/p>\n<p><span class=\"c6\">L\u2019organisation m\u00e9dicale se r\u00e9jouit du fait que les capacit\u00e9s de tests et d\u2019analyse en laboratoires sont all\u00e9es crescendo, s\u2019adaptant \u00e0 la progression de la maladie, depuis la confirmation d\u2019un premier cas au Cameroun le 06 mars. Aujourd\u2019hui,<\/span> <em><span class=\"c6\">\u201cil est devenu possible de faire des tests dans tous les districts de sant\u00e9, tout en ayant un r\u00e9sultat dans un d\u00e9lai relativement rapide.\u201d<\/span><\/em><\/p>\n<p><span class=\"c6\">MSF pr\u00e9sente aussi la diff\u00e9rence entre les tests rapides et le test PCR r\u00e9put\u00e9 plus fiable pour d\u00e9pister le coronavirus.<\/span><\/p>\n<p><em><span class=\"c6\">\u201cLe test virologique Polymerase Chain Reaction (<\/span><\/em><strong><em>PCR<\/em><\/strong><em><span class=\"c6\">) \u2013 recommand\u00e9 par l\u2019OMS et dont les r\u00e9sultats sont disponibles sous 48h \u2013 d\u00e9tecte ainsi la pr\u00e9sence de mat\u00e9riel g\u00e9n\u00e9tique du virus dans le syst\u00e8me nasal du patient, pour confirmer si le virus est toujours pr\u00e9sent. Le test de diagnostic rapide (<\/span><\/em><strong><em>TDR<\/em><\/strong><em><span class=\"c6\">), moins fiable que le PCR, est quant \u00e0 lui utilis\u00e9 pour confirmer la pr\u00e9sence d\u2019antig\u00e8nes ou d\u2019anticorps viraux dans le nez ou le sang et donne des r\u00e9sultats en 10 \u00e0 15 minutes. Les travailleurs m\u00e9dicaux privil\u00e9gient une confirmation rapide des r\u00e9sultats pour identifier et isoler les cas positifs avant qu\u2019ils ne contaminent d\u2019autres personnes. Mais les TDR doivent \u00eatre fiables, accessibles et disponibles, \u00e9galement dans les zones recul\u00e9es\u201d<\/span><\/em><span class=\"c6\">, explique<\/span> <strong>Franck Ale<\/strong><span class=\"c6\">, \u00e9pid\u00e9miologiste MSF \u00e0 Dakar (S\u00e9n\u00e9gal).<\/span><\/p>\n<\/div>\n<p>Auteur: Eug\u00e8ne SHEMA<br \/>\n<a href=\"https:\/\/www.journalducameroun.com\/coronavirus-cmr-phas-normalisation-msf\/\">Cliquez ici pour lire l&rsquo;article depuis sa source.<\/a><\/p>\n","protected":false},"excerpt":{"rendered":"<p>Publi\u00e9 le 17.08.2020 \u00e0 17h25 par Eug\u00e8ne Shema Il s\u2019agit d\u2019une phase de transmission accrue et durable du virus \u00e0 laquelle le pays doit s\u2019habituer en attendant un vaccin ou un traitement, selon l\u2019organisation M\u00e9decins Sans Fronti\u00e8res Avec 18 000 cas confirm\u00e9s d\u2019infection au Covid-19 \u00e0 la mi-ao\u00fbt 2020, pour 395 d\u00e9c\u00e8s et plus de [&hellip;]<\/p>\n","protected":false},"author":1965,"featured_media":0,"comment_status":"closed","ping_status":"closed","sticky":false,"template":"","format":"standard","meta":{"fifu_image_url":"","fifu_image_alt":"","footnotes":""},"categories":[73,82],"tags":[],"class_list":["post-95973","post","type-post","status-publish","format-standard","hentry","category-actualite","category-cameroun"],"_links":{"self":[{"href":"https:\/\/linitiative.ca\/International\/wp-json\/wp\/v2\/posts\/95973","targetHints":{"allow":["GET"]}}],"collection":[{"href":"https:\/\/linitiative.ca\/International\/wp-json\/wp\/v2\/posts"}],"about":[{"href":"https:\/\/linitiative.ca\/International\/wp-json\/wp\/v2\/types\/post"}],"author":[{"embeddable":true,"href":"https:\/\/linitiative.ca\/International\/wp-json\/wp\/v2\/users\/1965"}],"replies":[{"embeddable":true,"href":"https:\/\/linitiative.ca\/International\/wp-json\/wp\/v2\/comments?post=95973"}],"version-history":[{"count":0,"href":"https:\/\/linitiative.ca\/International\/wp-json\/wp\/v2\/posts\/95973\/revisions"}],"wp:attachment":[{"href":"https:\/\/linitiative.ca\/International\/wp-json\/wp\/v2\/media?parent=95973"}],"wp:term":[{"taxonomy":"category","embeddable":true,"href":"https:\/\/linitiative.ca\/International\/wp-json\/wp\/v2\/categories?post=95973"},{"taxonomy":"post_tag","embeddable":true,"href":"https:\/\/linitiative.ca\/International\/wp-json\/wp\/v2\/tags?post=95973"}],"curies":[{"name":"wp","href":"https:\/\/api.w.org\/{rel}","templated":true}]}}