{"id":96013,"date":"2020-08-17T18:08:58","date_gmt":"2020-08-17T22:08:58","guid":{"rendered":"https:\/\/linitiative.ca\/International\/focus-sur-les-creations-artistiques-de-nadia-ouchatar-et-ahmed-harrouz\/"},"modified":"2020-08-17T18:08:58","modified_gmt":"2020-08-17T22:08:58","slug":"focus-sur-les-creations-artistiques-de-nadia-ouchatar-et-ahmed-harrouz","status":"publish","type":"post","link":"https:\/\/linitiative.ca\/International\/focus-sur-les-creations-artistiques-de-nadia-ouchatar-et-ahmed-harrouz\/","title":{"rendered":"Focus sur les cr\u00e9ations artistiques de Nadia Ouchatar et Ahmed Harrouz"},"content":{"rendered":"<div readability=\"37\">\n<p>Essaouira \u2013 Les \u0153uvres picturales singuli\u00e8res des artistes Nadia Ouchatar et Ahmed Harrouz sont sous le feu des projecteurs \u00e0 l\u2019occasion d\u2019une exposition ouverte, lundi \u00e0 l\u2019Espace Dar Souiri \u00e0 Essaouira, au grand bonheur des f\u00e9rus des beaux arts parmi les habitants et les visiteurs de la Cit\u00e9 des Aliz\u00e9s.<\/p>\n<\/div>\n<div readability=\"152\">\n<p>Initi\u00e9e sous le th\u00e8me \u00ab\u00a0L\u2019art et l\u2019amour \u00e0 Mogador\u00a0\u00bb, cette exposition, qui se poursuit jusqu\u2019au 29 ao\u00fbt, se veut une invitation \u00e0 l\u2019adresse du public pour une p\u00e9r\u00e9grination \u00e0 travers le temps afin d\u2019admirer l\u2019esprit cr\u00e9atif et le talent original insoup\u00e7onn\u00e9 de ces deux artistes autodidactes bas\u00e9s \u00e0 Essaouira, ainsi qu\u2019une immersion exceptionnelle dans l\u2019univers esth\u00e9tique et artistique, sans fronti\u00e8res, propre \u00e0 ce couple uni \u00e0 la fois par l\u2019amour et l\u2019art.<\/p>\n<p>Organis\u00e9e par l\u2019Association Essaouira-Mogador dans le strict respect des mesures de pr\u00e9vention et de pr\u00e9caution pr\u00e9conis\u00e9es par les autorit\u00e9s comp\u00e9tentes en vue d\u2019endiguer la propagation de la Covid-19, cette manifestation met \u00e0 l\u2019honneur une trentaine de toiles et de dessins refl\u00e9tant cette passion incommensurable qui habite Nadia Ouchatar et son \u00e9poux Ahmed Harrouz, et donne ainsi libre cours \u00e0 leur sensibilit\u00e9 artistique que laissent d\u00e9gager leurs styles, supports et techniques d\u2019expression totalement diff\u00e9renci\u00e9s, mais convergeant vers des sentiments et des valeurs humaines partag\u00e9s.<\/p>\n<p>Ces oeuvres originales de diff\u00e9rents formats, visibles sur les cimaises de la salle d\u2019exposition \u00ab\u00a0Tayeb Seddiki\u00a0\u00bb, offrent donc aux visiteurs la joie d\u2019appr\u00e9cier \u00e0 sa juste valeur la sensibilit\u00e9 cr\u00e9ative et la subtilit\u00e9 expressive de ces deux artistes engag\u00e9s, qui s\u2019investissent aussi, depuis plusieurs ann\u00e9es, dans l\u2019action associative et culturelle \u00e0 Essaouira.<\/p>\n<p>Vou\u00e9es \u00e0 diverses interpr\u00e9tations, ces toiles, savamment travaill\u00e9es, c\u00e9l\u00e8brent \u00e9galement cette communion entre Nadia Ouchatar et Ahmed Harrouz autour de l\u2019art et de l\u2019amour, qui leur permet d\u2019esquisser, avec grande minutie, leurs impressions, perceptions et \u00e9motions, porteuses de plusieurs messages \u00e0 forte valeur humaine, et de livrer leurs regards esth\u00e9tiques, fruit de questionnements, d\u2019introspections et de m\u00e9ditations.<\/p>\n<p>\u00ab\u00a0L\u2019Art et l\u2019Amour est le +mot d\u2019ordre+ et d\u2019ouverture de cette exposition o\u00f9 un couple, mari et \u00e9pouse, Nadia Ouchatar et Ahmed Harrouz, l\u00e8vent la voix (et la barre) picturale pour exprimer l\u2019essence de leur union, de leur passion et du solf\u00e8ge que leurs c\u0153urs font composer pour cette musique silencieuse qu\u2019est l\u2019Art de dessiner et de peindre\u00a0\u00bb, souligne-t-on dans une note de pr\u00e9sentation.<\/p>\n<p>Selon ce document, Nadia et Ahmed, \u00ab\u00a0sensiblement diff\u00e9renci\u00e9s dans leurs d\u00e9marches, leurs techniques et leurs couleurs, se rencontrent au carrefour de l\u2019essentiel, auquel m\u00e8nent les diverses voies des th\u00e8mes, des symboles et des valeurs humaines qu\u2019ils partagent et chantent -artistiquement- avec d\u2019autres confr\u00e8res \u00e0 travers le monde, pour l\u2019Amour, la Paix et le Bonheur pour tout un chacun, au temps m\u00eame du coronavirus\u00a0\u00bb.<\/p>\n<p>\u00ab\u00a0De l\u2019Amour de l\u2019Art \u00e0 l\u2019Art de l\u2019Amour, dans cette exposition, Nadia et Ahmed v\u00e9n\u00e8rent l\u2019Art pour l\u2019Art, qui nourrit leur Amour pour l\u2019Amour, et d\u00e9clarent ensemble que ces deux ins\u00e9parables (l\u2019Art et l\u2019Amour) animent l\u2019ultime lumi\u00e8re de nos questions et nos caresses partag\u00e9es au quotidien\u00a0\u00bb, explique-t-on dans cette note.<\/p>\n<p>C\u2019est ainsi que \u00ab\u00a0les beaux et lucides t\u00e9moignages, \u00e9tal\u00e9s sur les supports de ces deux artistes, \u00e9clairent et \u00e9veillent, avec joie et s\u00e9r\u00e9nit\u00e9, notre relation \u00e0 l\u2019essence de ce que nous partageons -comme soucis et langage- pour notre patrimoine humain, dans le mouvement m\u00eame de notre vie collective, au fond de la Nature et du Cosmos\u00a0\u00bb, pr\u00e9cise la m\u00eame source.<\/p>\n<p>Dans une d\u00e9claration \u00e0 la MAP \u00e0 cette occasion, Nadia Ouchatar et Ahmed Harrouz, \u00e9galement \u00e9crivain et chercheur, ont fait part de leur grande joie de l\u2019organisation de cette exposition, qui intervient dans un contexte particulier marqu\u00e9 par cette crise sanitaire induite par la propagation de la Covid-19.<\/p>\n<p>Ils ont pr\u00e9cis\u00e9 que leur exposition pr\u00e9sente au public passionn\u00e9 \u00ab\u00a0des travaux r\u00e9alis\u00e9s durant la p\u00e9riode du confinement et du d\u00e9confinement, avec l\u2019id\u00e9e-concept de notre vie commune en tant qu\u2019artistes mari\u00e9s, dont l\u2019art et l\u2019amour laissent se renforcer les deux passions, avec deux styles personnels particuli\u00e8rement bien diff\u00e9renci\u00e9s, mais convergeant vers l\u2019essentiel des sentiments et des nobles valeurs humaines et universelles\u00a0\u00bb.<\/p>\n<p>Rappelant que cet \u00e9v\u00e9nement fait partie de l\u2019agenda des manifestations culturelles programm\u00e9es par l\u2019Association Essaouira-Mogador dans le cadre de sa feuille de route au titre de la saison culturelle 2020, ils ont indiqu\u00e9, en conclusion, que cette exposition vient confirmer, si besoin est, qu\u2019Essaouira demeure encore et toujours cet espace d\u2019inspiration pour les artistes, \u00e0 m\u00eame de faire \u00e9clore leur potentiel cr\u00e9atif et de participer \u00e0 l\u2019\u00e9volution de leurs cr\u00e9ations originales, ainsi que cette cit\u00e9 embl\u00e9matique \u00e9rig\u00e9e en un carrefour incontournable des arts et des cultures.<\/p>\n<\/div>\n<p>Auteur: Meriem IGASS<br \/>\n<a href=\"http:\/\/www.mapmarrakech.ma\/fr\/focus-sur-les-creations-artistiques-de-nadia-ouchatar-et-ahmed-harrouz\/\">Cliquez ici pour lire l&rsquo;article depuis sa source.<\/a><\/p>\n","protected":false},"excerpt":{"rendered":"<p>Essaouira \u2013 Les \u0153uvres picturales singuli\u00e8res des artistes Nadia Ouchatar et Ahmed Harrouz sont sous le feu des projecteurs \u00e0 l\u2019occasion d\u2019une exposition ouverte, lundi \u00e0 l\u2019Espace Dar Souiri \u00e0 Essaouira, au grand bonheur des f\u00e9rus des beaux arts parmi les habitants et les visiteurs de la Cit\u00e9 des Aliz\u00e9s. Initi\u00e9e sous le th\u00e8me \u00ab\u00a0L\u2019art [&hellip;]<\/p>\n","protected":false},"author":1788,"featured_media":0,"comment_status":"closed","ping_status":"closed","sticky":false,"template":"","format":"standard","meta":{"fifu_image_url":"","fifu_image_alt":"","footnotes":""},"categories":[54,76],"tags":[],"class_list":["post-96013","post","type-post","status-publish","format-standard","hentry","category-maroc","category-regions"],"_links":{"self":[{"href":"https:\/\/linitiative.ca\/International\/wp-json\/wp\/v2\/posts\/96013","targetHints":{"allow":["GET"]}}],"collection":[{"href":"https:\/\/linitiative.ca\/International\/wp-json\/wp\/v2\/posts"}],"about":[{"href":"https:\/\/linitiative.ca\/International\/wp-json\/wp\/v2\/types\/post"}],"author":[{"embeddable":true,"href":"https:\/\/linitiative.ca\/International\/wp-json\/wp\/v2\/users\/1788"}],"replies":[{"embeddable":true,"href":"https:\/\/linitiative.ca\/International\/wp-json\/wp\/v2\/comments?post=96013"}],"version-history":[{"count":0,"href":"https:\/\/linitiative.ca\/International\/wp-json\/wp\/v2\/posts\/96013\/revisions"}],"wp:attachment":[{"href":"https:\/\/linitiative.ca\/International\/wp-json\/wp\/v2\/media?parent=96013"}],"wp:term":[{"taxonomy":"category","embeddable":true,"href":"https:\/\/linitiative.ca\/International\/wp-json\/wp\/v2\/categories?post=96013"},{"taxonomy":"post_tag","embeddable":true,"href":"https:\/\/linitiative.ca\/International\/wp-json\/wp\/v2\/tags?post=96013"}],"curies":[{"name":"wp","href":"https:\/\/api.w.org\/{rel}","templated":true}]}}