{"id":96014,"date":"2020-08-18T06:29:50","date_gmt":"2020-08-18T10:29:50","guid":{"rendered":"https:\/\/linitiative.ca\/International\/centre-regional-de-transfusion-sanguine-appel-au-don-de-sang\/"},"modified":"2020-08-18T06:29:50","modified_gmt":"2020-08-18T10:29:50","slug":"centre-regional-de-transfusion-sanguine-appel-au-don-de-sang","status":"publish","type":"post","link":"https:\/\/linitiative.ca\/International\/centre-regional-de-transfusion-sanguine-appel-au-don-de-sang\/","title":{"rendered":"Centre r\u00e9gional de transfusion sanguine: Appel au don de sang"},"content":{"rendered":"<div class=\"single-featured\"><img alt=\"\" data-src=\"http:\/\/www.mapmarrakech.ma\/map\/uploads\/2020\/08\/don-de-sang-1-copier.jpg\"\/><\/div>\n<div class=\"single-post-excerpt post-excerpt-bc\" readability=\"34\">\n<p>Marrakech \u2013 Le Centre r\u00e9gional de transfusion sanguine (CRTS) de Marrakech vient de lancer un appel urgent aux citoyens et habitants de la cit\u00e9 ocre au don de sang en raison d\u2019un manque flagrant en quantit\u00e9s suffisantes en cette mati\u00e8re vitale au niveau de cette ville du Royaume.<\/p>\n<\/div>\n<div class=\"entry-content clearfix single-post-content\" readability=\"61\">\n<p>\u00ab\u00a0La ville de Marrakech accuse cette semaine un d\u00e9ficit \u00e9norme en pochettes de sang en raison de cette conjoncture exceptionnelle et les derni\u00e8res \u00e9volutions de la pand\u00e9mie \u00e0 la cit\u00e9 ocre ayant incit\u00e9 \u00e0 la prise de mesures exceptionnelles par les autorit\u00e9s locales en vue d\u2019enrayer la propagation du Covid-19\u00a0\u00bb, a indiqu\u00e9 la directrice du CRTS \u00e0 Marrakech, Dr. Samira Fezzani.<\/p>\n<p>Dans une d\u00e9claration \u00e0 la MAP, elle a appel\u00e9 les citoyens et habitants de la cit\u00e9 ocre \u00e0 r\u00e9pondre massivement \u00e0 cet appel afin de pallier ce manque en pochettes de sang, relevant que le nombre de donneurs a consid\u00e9rablement baiss\u00e9 cette semaine alors que la demande sur cette mati\u00e8re vitale a augment\u00e9.<\/p>\n<p>Tout en soulignant que la culture de la solidarit\u00e9 est ancr\u00e9e chez les Marocains, Mme Fezzani a tenu \u00e0 rappeler que ce geste de solidarit\u00e9 permettra de sauver des vies humaines victimes d\u2019accidents divers, d\u2019h\u00e9morragies ou ayant subi des op\u00e9rations chirurgicales, autant de situations qui peuvent n\u00e9cessiter une transfusion sanguine.<\/p>\n<p>Et de faire savoir que le CRTS restera ouvert chaque jour jusqu\u2019\u00e0 18h00 afin de faciliter les op\u00e9rations de don de sang et donner l\u2019opportunit\u00e9 au plus grand nombre de donneurs pour participer \u00e0 cette initiative solidaire et humaine de nature \u00e0 renflouer les stocks de sang au niveau de Marrakech.<\/p>\n<p>Dr. Fezanni a tenu \u00e0 rappeler que la collecte du sang se d\u00e9roule au CRTS dans le respect strict des conditions de protection de la s\u00e9curit\u00e9 et la sant\u00e9 des donneurs et conform\u00e9ment aux mesures pr\u00e9ventives adopt\u00e9es par les autorit\u00e9s comp\u00e9tentes.<\/p>\n<\/div>\n<p>Auteur: Meriem IGASS<br \/>\n<a href=\"http:\/\/www.mapmarrakech.ma\/fr\/le-centre-regional-de-transfusion-sanguine-lance-un-appel-au-don-de-sang\/\">Cliquez ici pour lire l&rsquo;article depuis sa source.<\/a><\/p>\n","protected":false},"excerpt":{"rendered":"<p>Marrakech \u2013 Le Centre r\u00e9gional de transfusion sanguine (CRTS) de Marrakech vient de lancer un appel urgent aux citoyens et habitants de la cit\u00e9 ocre au don de sang en raison d\u2019un manque flagrant en quantit\u00e9s suffisantes en cette mati\u00e8re vitale au niveau de cette ville du Royaume. \u00ab\u00a0La ville de Marrakech accuse cette semaine [&hellip;]<\/p>\n","protected":false},"author":1788,"featured_media":96015,"comment_status":"closed","ping_status":"closed","sticky":false,"template":"","format":"standard","meta":{"fifu_image_url":"","fifu_image_alt":"","footnotes":""},"categories":[54,76],"tags":[],"class_list":["post-96014","post","type-post","status-publish","format-standard","has-post-thumbnail","hentry","category-maroc","category-regions"],"_links":{"self":[{"href":"https:\/\/linitiative.ca\/International\/wp-json\/wp\/v2\/posts\/96014","targetHints":{"allow":["GET"]}}],"collection":[{"href":"https:\/\/linitiative.ca\/International\/wp-json\/wp\/v2\/posts"}],"about":[{"href":"https:\/\/linitiative.ca\/International\/wp-json\/wp\/v2\/types\/post"}],"author":[{"embeddable":true,"href":"https:\/\/linitiative.ca\/International\/wp-json\/wp\/v2\/users\/1788"}],"replies":[{"embeddable":true,"href":"https:\/\/linitiative.ca\/International\/wp-json\/wp\/v2\/comments?post=96014"}],"version-history":[{"count":0,"href":"https:\/\/linitiative.ca\/International\/wp-json\/wp\/v2\/posts\/96014\/revisions"}],"wp:featuredmedia":[{"embeddable":true,"href":"https:\/\/linitiative.ca\/International\/wp-json\/"}],"wp:attachment":[{"href":"https:\/\/linitiative.ca\/International\/wp-json\/wp\/v2\/media?parent=96014"}],"wp:term":[{"taxonomy":"category","embeddable":true,"href":"https:\/\/linitiative.ca\/International\/wp-json\/wp\/v2\/categories?post=96014"},{"taxonomy":"post_tag","embeddable":true,"href":"https:\/\/linitiative.ca\/International\/wp-json\/wp\/v2\/tags?post=96014"}],"curies":[{"name":"wp","href":"https:\/\/api.w.org\/{rel}","templated":true}]}}