{"id":96016,"date":"2020-08-18T06:36:00","date_gmt":"2020-08-18T10:36:00","guid":{"rendered":"https:\/\/linitiative.ca\/International\/commemoration-du-67e-anniversaire-de-la-manifestation-du-mechouar\/"},"modified":"2020-08-18T06:36:00","modified_gmt":"2020-08-18T10:36:00","slug":"commemoration-du-67e-anniversaire-de-la-manifestation-du-mechouar","status":"publish","type":"post","link":"https:\/\/linitiative.ca\/International\/commemoration-du-67e-anniversaire-de-la-manifestation-du-mechouar\/","title":{"rendered":"Comm\u00e9moration du 67\u00e8 anniversaire de la Manifestation du M\u00e9chouar"},"content":{"rendered":"<div class=\"single-featured\"><img alt=\"\" data-src=\"http:\/\/www.mapmarrakech.ma\/map\/uploads\/2020\/08\/commemoration-mechouar-copier.jpg\"\/><\/div>\n<div class=\"single-post-excerpt post-excerpt-bc\" readability=\"36\">\n<p>Marrakech \u2013 La d\u00e9l\u00e9gation r\u00e9gionale du Haut Commissariat aux anciens r\u00e9sistants et anciens membres de l\u2019arm\u00e9e de lib\u00e9ration \u00e0 Marrakech-Safi a comm\u00e9mor\u00e9, r\u00e9cemment, le 67\u00e8me anniversaire de la Manifestation du M\u00e9chouar (14 et 15 ao\u00fbt 1953).<\/p>\n<\/div>\n<div class=\"entry-content clearfix single-post-content\" readability=\"52\">\n<p>Dans ce cadre, l\u2019Espace de la m\u00e9moire historique de la r\u00e9sistance et de la lib\u00e9ration \u00e0 Marrakech a organis\u00e9, en collaboration avec la d\u00e9l\u00e9gation r\u00e9gionale du Haut Commissariat, une conf\u00e9rence \u00e0 distance sous le th\u00e8me \u00ab\u00a0Les \u00e9v\u00e9nements de Marrakech d\u2019ao\u00fbt 1953 \u00e0 novembre 1955\u00a0\u00bb.<\/p>\n<p>Cette rencontre virtuelle, diffus\u00e9e via les r\u00e9seaux sociaux, a connu la participation d\u2019un parterre de professeurs universitaires, de chercheurs ainsi que d\u2019anciens r\u00e9sistants ayant \u00e9t\u00e9 t\u00e9moins de cette \u00e9poque.<\/p>\n<p>A cette occasion, le d\u00e9l\u00e9gu\u00e9 r\u00e9gional du Haut Commissariat aux anciens r\u00e9sistants et anciens membres de l\u2019arm\u00e9e de lib\u00e9ration \u00e0 Marrakech, Mohamed Joulal, a proc\u00e9d\u00e9 \u00e0 la distribution d\u2019aides financi\u00e8res \u00e0 des veuves et \u00e0 des ayant droits d\u2019anciens r\u00e9sistants.<\/p>\n<\/div>\n<p>Auteur: Meriem IGASS<br \/>\n<a href=\"http:\/\/www.mapmarrakech.ma\/fr\/commemoration-du-67e-anniversaire-de-la-manifestation-du-mechouar\/\">Cliquez ici pour lire l&rsquo;article depuis sa source.<\/a><\/p>\n","protected":false},"excerpt":{"rendered":"<p>Marrakech \u2013 La d\u00e9l\u00e9gation r\u00e9gionale du Haut Commissariat aux anciens r\u00e9sistants et anciens membres de l\u2019arm\u00e9e de lib\u00e9ration \u00e0 Marrakech-Safi a comm\u00e9mor\u00e9, r\u00e9cemment, le 67\u00e8me anniversaire de la Manifestation du M\u00e9chouar (14 et 15 ao\u00fbt 1953). Dans ce cadre, l\u2019Espace de la m\u00e9moire historique de la r\u00e9sistance et de la lib\u00e9ration \u00e0 Marrakech a organis\u00e9, [&hellip;]<\/p>\n","protected":false},"author":1788,"featured_media":96017,"comment_status":"closed","ping_status":"closed","sticky":false,"template":"","format":"standard","meta":{"fifu_image_url":"","fifu_image_alt":"","footnotes":""},"categories":[54,76],"tags":[],"class_list":["post-96016","post","type-post","status-publish","format-standard","has-post-thumbnail","hentry","category-maroc","category-regions"],"_links":{"self":[{"href":"https:\/\/linitiative.ca\/International\/wp-json\/wp\/v2\/posts\/96016","targetHints":{"allow":["GET"]}}],"collection":[{"href":"https:\/\/linitiative.ca\/International\/wp-json\/wp\/v2\/posts"}],"about":[{"href":"https:\/\/linitiative.ca\/International\/wp-json\/wp\/v2\/types\/post"}],"author":[{"embeddable":true,"href":"https:\/\/linitiative.ca\/International\/wp-json\/wp\/v2\/users\/1788"}],"replies":[{"embeddable":true,"href":"https:\/\/linitiative.ca\/International\/wp-json\/wp\/v2\/comments?post=96016"}],"version-history":[{"count":0,"href":"https:\/\/linitiative.ca\/International\/wp-json\/wp\/v2\/posts\/96016\/revisions"}],"wp:featuredmedia":[{"embeddable":true,"href":"https:\/\/linitiative.ca\/International\/wp-json\/"}],"wp:attachment":[{"href":"https:\/\/linitiative.ca\/International\/wp-json\/wp\/v2\/media?parent=96016"}],"wp:term":[{"taxonomy":"category","embeddable":true,"href":"https:\/\/linitiative.ca\/International\/wp-json\/wp\/v2\/categories?post=96016"},{"taxonomy":"post_tag","embeddable":true,"href":"https:\/\/linitiative.ca\/International\/wp-json\/wp\/v2\/tags?post=96016"}],"curies":[{"name":"wp","href":"https:\/\/api.w.org\/{rel}","templated":true}]}}