{"id":96021,"date":"2020-08-18T04:26:56","date_gmt":"2020-08-18T08:26:56","guid":{"rendered":"https:\/\/linitiative.ca\/International\/batna-covid-19-une-initiative-pour-la-prise-en-charge-a-domicile\/"},"modified":"2020-08-18T04:26:56","modified_gmt":"2020-08-18T08:26:56","slug":"batna-covid-19-une-initiative-pour-la-prise-en-charge-a-domicile","status":"publish","type":"post","link":"https:\/\/linitiative.ca\/International\/batna-covid-19-une-initiative-pour-la-prise-en-charge-a-domicile\/","title":{"rendered":"Batna\/Covid-19: une initiative pour la prise en charge \u00e0 domicile"},"content":{"rendered":"<div readability=\"39\">\n<p><strong>BATNA- Un groupe de m\u00e9decins de diverses sp\u00e9cialit\u00e9s et autres param\u00e9dicaux de la wilaya de Batna ont lanc\u00e9 une op\u00e9ration b\u00e9n\u00e9vole pour la prise en charge \u00e0 domicile des malades atteints du Covid-19, a-t-on appris lundi, de l\u2019initiatrice de cette op\u00e9ration, Professeur Nora Righi, sp\u00e9cialit\u00e9 en maladies contagieuses.<\/strong><\/p>\n<\/div>\n<div readability=\"80.738461538462\">\n<p>Dans une d\u00e9claration \u00e0 l\u2019APS la m\u00eame sp\u00e9cialiste \u00e9galement membre de la commission de la sant\u00e9 de l\u2019Assembl\u00e9e populaire nationale (APN), a pr\u00e9cis\u00e9 que cette op\u00e9ration vise \u00e0 \u00ab\u00a0r\u00e9duire la pression sur les \u00e9tablissements de sant\u00e9 pour une meilleure prise en charge des malades atteints du Covid-19\u00a0\u00bb.<\/p>\n<blockquote readability=\"6\">\n<p><em><strong>Elle a ajout\u00e9 dans ce sens que l\u2019initiative ambitionne de contribuer \u00ab\u00a0\u00e0 briser la cha\u00eene des contaminations et \u00e9radiquer ses foyers\u00a0\u00bb.<\/strong><\/em><\/p>\n<\/blockquote>\n<p>Le suivi m\u00e9dical des cas atteints du coronavirus \u00e0 travers des visites de terrain \u00e0 domicile et des communications t\u00e9l\u00e9phoniques figure parmi les principales missions de ce groupe de b\u00e9n\u00e9vole install\u00e9 au centre des loisirs scientifiques de la cit\u00e9 Kechida au chef lieu de wilaya, a soulign\u00e9 la m\u00eame responsable, faisant \u00e9tat aussi de la formation des b\u00e9n\u00e9voles pour renforcer les consultations et les services d\u2019hospitalisation pour cette cat\u00e9gorie.<\/p>\n<blockquote readability=\"11\">\n<p><em><strong>Le groupe m\u00e9dical mobilis\u00e9 dans le cadre de cette initiative assure consultations et soins, avec des prises de sang pour des analyses, l\u2019 \u00e9lectrocardiogramme pour les malades concern\u00e9s qui n\u2019auront pas \u00e0 se d\u00e9placer vers les structures de sant\u00e9, a encore soulign\u00e9 la m\u00eame responsable qui a pr\u00e9cis\u00e9 que \u00ab\u00a0des conseils et orientations seront donn\u00e9s aux membres des familles des malades en plus d\u2019un suivi psychologique et social pendant le traitement et en p\u00e9riode de convalescence\u00a0\u00bb.<\/strong><\/em><\/p>\n<\/blockquote>\n<p>Ce groupe m\u00e9dical d\u2019hospitalisation \u00e0 domicile dont le lancement des missions a \u00e9t\u00e9 donn\u00e9 par le chef de l\u2019ex\u00e9cutif local, Toufik Mezhoud est compos\u00e9 \u00e9galement de m\u00e9decins g\u00e9n\u00e9ralistes r\u00e9sidents et chirurgiens, a fait savoir Pr Righi, pr\u00e9cisant que \u00ab\u00a0la porte restera ouverte \u00e0 tous les professionnels de la sant\u00e9 pour davantage d\u2019efficacit\u00e9\u00a0\u00bb.<\/p>\n<blockquote readability=\"9\">\n<p><em><strong>Les b\u00e9n\u00e9voles praticiens prennent en charge les malades dont la contamination au coronavirus a \u00e9t\u00e9 confirm\u00e9e par les centres de diagnostic du chef -lieu de wilaya en collaboration avec l\u2019\u00e9tablissement public hospitalier qui accueille les malades de la ville de Batna et de plusieurs communes limitrophes, selon la m\u00eame responsable.<\/strong><\/em><\/p>\n<\/blockquote>\n<p>Les listes des personnes atteintes du Covid-19 sont remises quotidiennement \u00e0 l\u2019\u00e9quipe b\u00e9n\u00e9vole pour entamer les contacts et disposer les services de prise en charge n\u00e9cessaires pour les malades et leur entourage, a-t-elle d\u00e9taill\u00e9 .<\/p>\n<hr\/>\n<h3 class=\"allmode-title\">Lire aussi:\u00a0<a href=\"\/proxy\/73b58508\/http\/www.aps.dz\/sante-science-technologie\/108695-covid-19-442-nouveaux-cas-330-guerisons-et-9-deces\">Covid-19: 442 nouveaux cas, 330 gu\u00e9risons et 9 d\u00e9c\u00e8s<\/a><\/h3>\n<hr\/>\n<p>A ce jour, 4 ambulances m\u00e9dicales \u00e9quip\u00e9es ont \u00e9t\u00e9 mobilis\u00e9es pour permettre \u00e0 l\u2019\u00e9quipe m\u00e9dicale b\u00e9n\u00e9vole de prendre en charge des cas du coronavirus, a encore pr\u00e9cis\u00e9 Pr Righi, faisant \u00e9tat de \u00ab\u00a0facilitations assur\u00e9es par les autorit\u00e9s locales et les aides octroy\u00e9es par les bienfaiteurs\u00a0\u00bb.<\/p>\n<blockquote readability=\"8\">\n<p><em><strong>Le staff m\u00e9dical et param\u00e9dical de cette \u00e9quipe utilise les r\u00e9seaux sociaux pour faire connaitre cette initiative favorablement accueillie et met \u00e0 la disposition des citoyens et les professionnels de la sant\u00e9 des num\u00e9ros t\u00e9l\u00e9phoniques pour toute information ou demande d\u2019adh\u00e9sion \u00e0 cette\u00a0initiative devant \u00eatre \u00e9largie \u00e0 d\u2019autres r\u00e9gions de la wilaya comme la daira de Barika.<\/strong><\/em><\/p>\n<\/blockquote>\n<p>Parall\u00e8lement, l\u2019\u00e9quip\u00e9 m\u00e9dicale b\u00e9n\u00e9vole pour la prise en charge des malades atteints du Covid-19 de Batna a lanc\u00e9 lundi en collaboration avec la direction locale de la jeunesse et sport (DJS) et des associations et clubs, une caravane de sensibilisation pour lutter contre le coronavirus qui devra s\u2019\u00e9taler sur 10 jours et qui devra sillonner les diff\u00e9rents quartiers du chef lieu et des communes limitrophes.\u00a0\u00bb<\/p>\n<\/div>\n<p>Auteur:<br \/>\n<a href=\"http:\/\/www.aps.dz\/regions\/108722-batna-covid-19-une-initiative-pour-la-prise-en-charge-des-malades-a-domicile\">Cliquez ici pour lire l&rsquo;article depuis sa source.<\/a><\/p>\n","protected":false},"excerpt":{"rendered":"<p>BATNA- Un groupe de m\u00e9decins de diverses sp\u00e9cialit\u00e9s et autres param\u00e9dicaux de la wilaya de Batna ont lanc\u00e9 une op\u00e9ration b\u00e9n\u00e9vole pour la prise en charge \u00e0 domicile des malades atteints du Covid-19, a-t-on appris lundi, de l\u2019initiatrice de cette op\u00e9ration, Professeur Nora Righi, sp\u00e9cialit\u00e9 en maladies contagieuses. Dans une d\u00e9claration \u00e0 l\u2019APS la m\u00eame [&hellip;]<\/p>\n","protected":false},"author":1790,"featured_media":0,"comment_status":"closed","ping_status":"closed","sticky":false,"template":"","format":"standard","meta":{"fifu_image_url":"","fifu_image_alt":"","footnotes":""},"categories":[53,76],"tags":[],"class_list":["post-96021","post","type-post","status-publish","format-standard","hentry","category-algerie","category-regions"],"_links":{"self":[{"href":"https:\/\/linitiative.ca\/International\/wp-json\/wp\/v2\/posts\/96021","targetHints":{"allow":["GET"]}}],"collection":[{"href":"https:\/\/linitiative.ca\/International\/wp-json\/wp\/v2\/posts"}],"about":[{"href":"https:\/\/linitiative.ca\/International\/wp-json\/wp\/v2\/types\/post"}],"author":[{"embeddable":true,"href":"https:\/\/linitiative.ca\/International\/wp-json\/wp\/v2\/users\/1790"}],"replies":[{"embeddable":true,"href":"https:\/\/linitiative.ca\/International\/wp-json\/wp\/v2\/comments?post=96021"}],"version-history":[{"count":0,"href":"https:\/\/linitiative.ca\/International\/wp-json\/wp\/v2\/posts\/96021\/revisions"}],"wp:attachment":[{"href":"https:\/\/linitiative.ca\/International\/wp-json\/wp\/v2\/media?parent=96021"}],"wp:term":[{"taxonomy":"category","embeddable":true,"href":"https:\/\/linitiative.ca\/International\/wp-json\/wp\/v2\/categories?post=96021"},{"taxonomy":"post_tag","embeddable":true,"href":"https:\/\/linitiative.ca\/International\/wp-json\/wp\/v2\/tags?post=96021"}],"curies":[{"name":"wp","href":"https:\/\/api.w.org\/{rel}","templated":true}]}}