{"id":96056,"date":"2020-08-18T12:00:00","date_gmt":"2020-08-18T16:00:00","guid":{"rendered":"https:\/\/linitiative.ca\/International\/lutte-contre-le-coronavirus-a-mascara-1086-commercants-verbalises\/"},"modified":"2020-08-18T12:00:00","modified_gmt":"2020-08-18T16:00:00","slug":"lutte-contre-le-coronavirus-a-mascara-1086-commercants-verbalises","status":"publish","type":"post","link":"https:\/\/linitiative.ca\/International\/lutte-contre-le-coronavirus-a-mascara-1086-commercants-verbalises\/","title":{"rendered":"LUTTE CONTRE LE CORONAVIRUS A MASCARA : 1086 commer\u00e7ants verbalis\u00e9s"},"content":{"rendered":"<p><br id=\"sep_para_1\" class=\"sep_para access\"\/><\/p>\n<div id=\"para_1\" class=\"para_38305084 resize\">\n<div class=\"texte access firstletter\">Parall\u00e8lement aux mesures prises pour le retour de plusieurs activit\u00e9s commerciales et de services et la lev\u00e9e progressive du confinement, les services de la Suret\u00e9 de Wilaya de Mascara ont \u00e9labor\u00e9 un plan s\u00e9curitaire afin de veiller sur le respect des diff\u00e9rents protocoles et mesures sanitaires visant \u00e0 limiter la propagation du coronavirus, \u00e0 travers l\u2019intensification des contr\u00f4les des diff\u00e9rentes activit\u00e9s commerciales ainsi que les pr\u00e9cautions sanitaires notamment avec la reprise progressive de beaucoup d\u2019activit\u00e9s commerciales et de services telles que les caf\u00e9t\u00e9rias, les restaurants et la r\u00e9ouverture des mosqu\u00e9es, des espaces de divertissement et des lieux de loisirs, ainsi que la poursuite des activit\u00e9s de sensibilisation au profit des commer\u00e7ants et des citoyens \u00e0 travers les espaces publiques. A cet effet, les services de la Police G\u00e9n\u00e9rale et de la r\u00e9glementation ont entrepris, en partenariat avec la Direction du Commerce, depuis la fin de semaine derni\u00e8re, des op\u00e9rations de contr\u00f4le et de sensibilisation\u00a0 \u00e0 travers les commerces de diverses cat\u00e9gories. Pour ce qui est de l&rsquo;aspect r\u00e9pressif en vue d&rsquo;imposer le respect des mesures pr\u00e9ventives, les services de la Suret\u00e9 de wilaya ont \u00e9tabli, \u00e0 travers le secteur de comp\u00e9tence, durant la premi\u00e8re moiti\u00e9 du mois d&rsquo;ao\u00fbt, 1086 contraventions qui ont \u00e9t\u00e9 transmises \u00e0 la justice. En effet, 138 contraventions ont \u00e9t\u00e9 dress\u00e9es \u00e0 l\u2019encontre de commer\u00e7ants pour infraction aux r\u00e8gles d&rsquo;hygi\u00e8ne et de d\u00e9sinfection des locaux, 201 contraventions relatives aux mesures de distanciation physique, 82 contraventions relatives \u00e0 la publication des barri\u00e8res de pr\u00e9vention au niveau des espaces publics, et 541 contraventions relatives au non port du masque. Le respect des diff\u00e9rentes mesures n\u00e9cessaires reste obligatoire afin d\u2019\u00e9viter la contamination avec cette dangereuse \u00e9pid\u00e9mie.\u00a0\u00a0\u00a0\u00a0\u00a0\u00a0\u00a0\u00a0\u00a0\u00a0\u00a0\u00a0\u00a0\u00a0\u00a0\u00a0\u00a0\u00a0\u00a0\u00a0\u00a0\u00a0\u00a0\u00a0\u00a0\u00a0\u00a0\u00a0\u00a0\u00a0\u00a0\u00a0\u00a0\u00a0\u00a0\u00a0\u00a0\u00a0\u00a0\u00a0\u00a0\u00a0\u00a0\u00a0\u00a0\u00a0\u00a0\u00a0\u00a0\u00a0\u00a0\u00a0\u00a0\u00a0\u00a0\u00a0\u00a0\u00a0\u00a0\u00a0\u00a0\u00a0\u00a0\u00a0\u00a0\u00a0\u00a0\u00a0<\/div>\n<\/div>\n<p>Auteur: Sahraoui Lahcene<br \/>\n<a href=\"https:\/\/www.reflexiondz.net\/LUTTE-CONTRE-LE-CORONAVIRUS-A-MASCARA-1086-commercants-verbalises_a64732.html\">Cliquez ici pour lire l&rsquo;article depuis sa source.<\/a><\/p>\n","protected":false},"excerpt":{"rendered":"<p>Parall\u00e8lement aux mesures prises pour le retour de plusieurs activit\u00e9s commerciales et de services et la lev\u00e9e progressive du confinement, les services de la Suret\u00e9 de Wilaya de Mascara ont \u00e9labor\u00e9 un plan s\u00e9curitaire afin de veiller sur le respect des diff\u00e9rents protocoles et mesures sanitaires visant \u00e0 limiter la propagation du coronavirus, \u00e0 travers [&hellip;]<\/p>\n","protected":false},"author":1740,"featured_media":0,"comment_status":"closed","ping_status":"closed","sticky":false,"template":"","format":"standard","meta":{"fifu_image_url":"","fifu_image_alt":"","footnotes":""},"categories":[53,76],"tags":[],"class_list":["post-96056","post","type-post","status-publish","format-standard","hentry","category-algerie","category-regions"],"_links":{"self":[{"href":"https:\/\/linitiative.ca\/International\/wp-json\/wp\/v2\/posts\/96056","targetHints":{"allow":["GET"]}}],"collection":[{"href":"https:\/\/linitiative.ca\/International\/wp-json\/wp\/v2\/posts"}],"about":[{"href":"https:\/\/linitiative.ca\/International\/wp-json\/wp\/v2\/types\/post"}],"author":[{"embeddable":true,"href":"https:\/\/linitiative.ca\/International\/wp-json\/wp\/v2\/users\/1740"}],"replies":[{"embeddable":true,"href":"https:\/\/linitiative.ca\/International\/wp-json\/wp\/v2\/comments?post=96056"}],"version-history":[{"count":0,"href":"https:\/\/linitiative.ca\/International\/wp-json\/wp\/v2\/posts\/96056\/revisions"}],"wp:attachment":[{"href":"https:\/\/linitiative.ca\/International\/wp-json\/wp\/v2\/media?parent=96056"}],"wp:term":[{"taxonomy":"category","embeddable":true,"href":"https:\/\/linitiative.ca\/International\/wp-json\/wp\/v2\/categories?post=96056"},{"taxonomy":"post_tag","embeddable":true,"href":"https:\/\/linitiative.ca\/International\/wp-json\/wp\/v2\/tags?post=96056"}],"curies":[{"name":"wp","href":"https:\/\/api.w.org\/{rel}","templated":true}]}}