{"id":96141,"date":"2020-08-18T14:35:06","date_gmt":"2020-08-18T18:35:06","guid":{"rendered":"https:\/\/linitiative.ca\/International\/3-182-eleves-beneficieront-des-bourses-destinees-aux-internats\/"},"modified":"2020-08-18T14:35:06","modified_gmt":"2020-08-18T18:35:06","slug":"3-182-eleves-beneficieront-des-bourses-destinees-aux-internats","status":"publish","type":"post","link":"https:\/\/linitiative.ca\/International\/3-182-eleves-beneficieront-des-bourses-destinees-aux-internats\/","title":{"rendered":"3.182 \u00e9l\u00e8ves b\u00e9n\u00e9ficieront des bourses destin\u00e9es aux internats"},"content":{"rendered":"<div readability=\"36\">\n<p>Chichaoua \u2013 Un total de 3.182 \u00e9l\u00e8ves (filles et gar\u00e7ons) du cycle secondaire coll\u00e9gial dans la province de Chichaoua b\u00e9n\u00e9ficieront des bourses scolaires destin\u00e9es aux internats et cantines au titre de l\u2019ann\u00e9e scolaire 2020-2021, a indiqu\u00e9 la direction provinciale de l\u2019\u00e9ducation nationale.<\/p>\n<\/div>\n<div readability=\"72\">\n<p>Selon un communiqu\u00e9 de la direction, les r\u00e9sultats de la r\u00e9union de la commission provinciale conjointe pour l\u2019octroi des bourses destin\u00e9es aux internats et cantines, tenue r\u00e9cemment sous la pr\u00e9sidence du gouverneur de la province, ont abouti, apr\u00e8s l\u2019examen des 4.253 dossiers d\u00e9pos\u00e9s, \u00e0 la d\u00e9cision de faire b\u00e9n\u00e9ficier 3.182 \u00e9l\u00e8ves de ces bourses (74,82%).<\/p>\n<p>Le nombre des bourses distribu\u00e9es r\u00e9serv\u00e9es aux filles sur le total des demandes re\u00e7ues via le syst\u00e8me \u00ab\u00a0Massar\u00a0\u00bb (1.949 dossiers) se chiffre \u00e0 1.478 b\u00e9n\u00e9ficiaires, pr\u00e9cise la m\u00eame source.<\/p>\n<p>Ladite commission a \u0153uvr\u00e9 \u00e0 faire b\u00e9n\u00e9ficier les \u00e9l\u00e8ves, notamment les orphelins et les d\u00e9munis, ainsi que ceux vivant dans des zones recul\u00e9es, de ces bourses, tout en accordant une attention particuli\u00e8re \u00e0 la fille rurale pour l\u2019encourager \u00e0 poursuivre ses \u00e9tudes et \u00e0 lutter contre le d\u00e9crochage scolaire, et en veillant \u00e0 la r\u00e9alisation du principe d\u2019\u00e9quit\u00e9 et d\u2019\u00e9galit\u00e9 des chances en mati\u00e8re d\u2019acc\u00e8s \u00e0 la scolarisation, \u00e0 travers la mise en \u0153uvre du principe de la discrimination positive au profit des cat\u00e9gories sociales vuln\u00e9rables et au niveau des zones g\u00e9ographiques \u00e9loign\u00e9es.<\/p>\n<p>La direction provinciale de l\u2019\u00e9ducation nationale \u00e0 Chichaoua a, par ailleurs, rappel\u00e9 que le minist\u00e8re de tutelle a proc\u00e9d\u00e9, cette ann\u00e9e, dans le cadre des mesures sanitaires pr\u00e9ventives pour lutter contre la propagation du nouveau coronavirus, \u00e0 recevoir les demandes des bourses \u00e0 travers le syst\u00e8me \u00ab\u00a0Massar\u00a0\u00bb via la rubrique \u00ab\u00a0gestion des bourses des internats et des cantines scolaires\u00a0\u00bb.<\/p>\n<p>Cette rubrique a \u00e9t\u00e9 d\u00e9velopp\u00e9e au niveau du syst\u00e8me \u00ab\u00a0Massar\u00a0\u00bb afin de permettre aux parents et tuteurs des \u00e9l\u00e8ves de prendre connaissance des r\u00e9sultats de la commission provinciale, \u00e0 travers l\u2019espace \u00ab\u00a0moutamadris\u00a0\u00bb ou directement aupr\u00e8s du si\u00e8ge de la direction provinciale.<\/p>\n<\/div>\n<p>Auteur: Meriem IGASS<br \/>\n<a href=\"http:\/\/www.mapmarrakech.ma\/fr\/3-182-eleves-beneficieront-des-bourses-destinees-aux-internats-et-cantines\/\">Cliquez ici pour lire l&rsquo;article depuis sa source.<\/a><\/p>\n","protected":false},"excerpt":{"rendered":"<p>Chichaoua \u2013 Un total de 3.182 \u00e9l\u00e8ves (filles et gar\u00e7ons) du cycle secondaire coll\u00e9gial dans la province de Chichaoua b\u00e9n\u00e9ficieront des bourses scolaires destin\u00e9es aux internats et cantines au titre de l\u2019ann\u00e9e scolaire 2020-2021, a indiqu\u00e9 la direction provinciale de l\u2019\u00e9ducation nationale. Selon un communiqu\u00e9 de la direction, les r\u00e9sultats de la r\u00e9union de la [&hellip;]<\/p>\n","protected":false},"author":1788,"featured_media":0,"comment_status":"closed","ping_status":"closed","sticky":false,"template":"","format":"standard","meta":{"fifu_image_url":"","fifu_image_alt":"","footnotes":""},"categories":[54,76],"tags":[],"class_list":["post-96141","post","type-post","status-publish","format-standard","hentry","category-maroc","category-regions"],"_links":{"self":[{"href":"https:\/\/linitiative.ca\/International\/wp-json\/wp\/v2\/posts\/96141","targetHints":{"allow":["GET"]}}],"collection":[{"href":"https:\/\/linitiative.ca\/International\/wp-json\/wp\/v2\/posts"}],"about":[{"href":"https:\/\/linitiative.ca\/International\/wp-json\/wp\/v2\/types\/post"}],"author":[{"embeddable":true,"href":"https:\/\/linitiative.ca\/International\/wp-json\/wp\/v2\/users\/1788"}],"replies":[{"embeddable":true,"href":"https:\/\/linitiative.ca\/International\/wp-json\/wp\/v2\/comments?post=96141"}],"version-history":[{"count":0,"href":"https:\/\/linitiative.ca\/International\/wp-json\/wp\/v2\/posts\/96141\/revisions"}],"wp:attachment":[{"href":"https:\/\/linitiative.ca\/International\/wp-json\/wp\/v2\/media?parent=96141"}],"wp:term":[{"taxonomy":"category","embeddable":true,"href":"https:\/\/linitiative.ca\/International\/wp-json\/wp\/v2\/categories?post=96141"},{"taxonomy":"post_tag","embeddable":true,"href":"https:\/\/linitiative.ca\/International\/wp-json\/wp\/v2\/tags?post=96141"}],"curies":[{"name":"wp","href":"https:\/\/api.w.org\/{rel}","templated":true}]}}