{"id":96142,"date":"2020-08-18T14:38:38","date_gmt":"2020-08-18T18:38:38","guid":{"rendered":"https:\/\/linitiative.ca\/International\/lincendie-de-la-foret-ouirman-maitrise-a-temps\/"},"modified":"2020-08-18T14:38:38","modified_gmt":"2020-08-18T18:38:38","slug":"lincendie-de-la-foret-ouirman-maitrise-a-temps","status":"publish","type":"post","link":"https:\/\/linitiative.ca\/International\/lincendie-de-la-foret-ouirman-maitrise-a-temps\/","title":{"rendered":"L\u2019incendie de la for\u00eat Ouirman ma\u00eetris\u00e9 \u00e0 temps"},"content":{"rendered":"<div class=\"single-featured\"><img alt=\"\" data-src=\"http:\/\/www.mapmarrakech.ma\/map\/uploads\/2020\/08\/incendie-for&#xEA;t-chichaoua-copier.jpg\"\/><\/div>\n<div class=\"single-post-excerpt post-excerpt-bc\" readability=\"38\">\n<p>Chichaoua -Les \u00e9l\u00e9ments de la protection civile ont r\u00e9ussi \u00e0 ma\u00eetriser un incendie qui s\u2019est d\u00e9clar\u00e9 lundi, aux environs de 17H00, dans une for\u00eat situ\u00e9e dans la commune rurale de Bouabout Amdlane (province de Chichaoua), apprend-on aupr\u00e8s de la Direction provinciale des eaux et for\u00eats et la lutte contre la d\u00e9sertification.<\/p>\n<\/div>\n<div class=\"entry-content clearfix single-post-content\" readability=\"59\">\n<p>Un responsable de la direction provinciale a indiqu\u00e9 \u00e0 la MAP que la c\u00e9l\u00e9rit\u00e9 de l\u2019intervention des \u00e9l\u00e9ments de la protection civile a permis de ma\u00eetriser cet incendie, lundi soir aux environs de 20H00, soit apr\u00e8s pr\u00e8s de trois heures de lutte acharn\u00e9e contre le feu.<\/p>\n<p>L\u2019incendie a ravag\u00e9 2,5 hectares de massifs forestiers, a fait savoir la m\u00eame source, soulignant que la circonscription rapide de l\u2019incendie a \u00e9t\u00e9 rendue possible gr\u00e2ce aux efforts des \u00e9l\u00e9ments de la protection civile, assist\u00e9s par des \u00e9quipes des eaux et for\u00eats et \u00e0 la vigilance des populations locales ainsi que des agents d\u2019autorit\u00e9.<\/p>\n<p>Lors de cette intervention, deux camions-citernes ont \u00e9t\u00e9 mobilis\u00e9s par la commune Bouabout Amdlane.<\/p>\n<p>Les massifs forestiers ravag\u00e9s se composent essentiellement de pins d\u2019Alep.<\/p>\n<p>La Gendarmerie Royale a ouvert une enqu\u00eate pour d\u00e9terminer les causes et les circonstances de cet incendie.<\/p>\n<p>Consid\u00e9r\u00e9e comme l\u2019un des plus importants espaces forestiers de Chichaoua, la for\u00eat Ouirman s\u2019acquitte d\u2019un r\u00f4le vital dans la conservation des esp\u00e8ces animales et v\u00e9g\u00e9tales. Elle offre aussi un espace pastoral privil\u00e9gi\u00e9 au profit des populations locales.<\/p>\n<\/div>\n<p>Auteur: Meriem IGASS<br \/>\n<a href=\"http:\/\/www.mapmarrakech.ma\/fr\/lincendie-de-la-foret-ouirman-maitrise-a-temps\/\">Cliquez ici pour lire l&rsquo;article depuis sa source.<\/a><\/p>\n","protected":false},"excerpt":{"rendered":"<p>Chichaoua -Les \u00e9l\u00e9ments de la protection civile ont r\u00e9ussi \u00e0 ma\u00eetriser un incendie qui s\u2019est d\u00e9clar\u00e9 lundi, aux environs de 17H00, dans une for\u00eat situ\u00e9e dans la commune rurale de Bouabout Amdlane (province de Chichaoua), apprend-on aupr\u00e8s de la Direction provinciale des eaux et for\u00eats et la lutte contre la d\u00e9sertification. Un responsable de la [&hellip;]<\/p>\n","protected":false},"author":1788,"featured_media":96143,"comment_status":"closed","ping_status":"closed","sticky":false,"template":"","format":"standard","meta":{"fifu_image_url":"","fifu_image_alt":"","footnotes":""},"categories":[54,76],"tags":[],"class_list":["post-96142","post","type-post","status-publish","format-standard","has-post-thumbnail","hentry","category-maroc","category-regions"],"_links":{"self":[{"href":"https:\/\/linitiative.ca\/International\/wp-json\/wp\/v2\/posts\/96142","targetHints":{"allow":["GET"]}}],"collection":[{"href":"https:\/\/linitiative.ca\/International\/wp-json\/wp\/v2\/posts"}],"about":[{"href":"https:\/\/linitiative.ca\/International\/wp-json\/wp\/v2\/types\/post"}],"author":[{"embeddable":true,"href":"https:\/\/linitiative.ca\/International\/wp-json\/wp\/v2\/users\/1788"}],"replies":[{"embeddable":true,"href":"https:\/\/linitiative.ca\/International\/wp-json\/wp\/v2\/comments?post=96142"}],"version-history":[{"count":0,"href":"https:\/\/linitiative.ca\/International\/wp-json\/wp\/v2\/posts\/96142\/revisions"}],"wp:featuredmedia":[{"embeddable":true,"href":"https:\/\/linitiative.ca\/International\/wp-json\/"}],"wp:attachment":[{"href":"https:\/\/linitiative.ca\/International\/wp-json\/wp\/v2\/media?parent=96142"}],"wp:term":[{"taxonomy":"category","embeddable":true,"href":"https:\/\/linitiative.ca\/International\/wp-json\/wp\/v2\/categories?post=96142"},{"taxonomy":"post_tag","embeddable":true,"href":"https:\/\/linitiative.ca\/International\/wp-json\/wp\/v2\/tags?post=96142"}],"curies":[{"name":"wp","href":"https:\/\/api.w.org\/{rel}","templated":true}]}}