{"id":96144,"date":"2020-08-19T11:41:34","date_gmt":"2020-08-19T15:41:34","guid":{"rendered":"https:\/\/linitiative.ca\/International\/eau-electricite-pres-de-75-mdh-dinvestissements\/"},"modified":"2020-08-19T11:41:34","modified_gmt":"2020-08-19T15:41:34","slug":"eau-electricite-pres-de-75-mdh-dinvestissements","status":"publish","type":"post","link":"https:\/\/linitiative.ca\/International\/eau-electricite-pres-de-75-mdh-dinvestissements\/","title":{"rendered":"Eau-Electricit\u00e9: Pr\u00e8s de 75 MDH d\u2019investissements"},"content":{"rendered":"<div readability=\"34\">\n<p>Safi \u2013 La R\u00e9gie Autonome Intercommunale de distribution d\u2019Eau et d\u2019\u00c9lectricit\u00e9 de Safi (RADEES) a allou\u00e9 quelque 75 millions de DH (MDH) d\u2019investissements dans les secteurs de l\u2019eau et de l\u2019\u00e9lectricit\u00e9 dans la province au titre de l\u2019ann\u00e9e budg\u00e9taire 2019.<\/p>\n<\/div>\n<div readability=\"101\">\n<p>Ces donn\u00e9es ont \u00e9t\u00e9 pr\u00e9sent\u00e9es lors de la r\u00e9union du Conseil d\u2019administration de la RADEES tenue sous la pr\u00e9sidence du gouverneur de la province de Safi, Lahoucine Chaynane en pr\u00e9sence des pr\u00e9sidents des conseils communaux de Safi et Sebt Gzoula, les repr\u00e9sentants des administrations centrales, les repr\u00e9sentants des communes territoriales relevant de Safi, Tlat Bouguedra et Jema\u00e2 Shaim, consacr\u00e9e \u00e0 l\u2019examen des comptes de la R\u00e9gie au titre de l\u2019ann\u00e9e budg\u00e9taire 2019.<\/p>\n<p>Un communiqu\u00e9 de l\u2019Agence indique que lors de cette r\u00e9union, le directeur g\u00e9n\u00e9ral de la RADEES, Mustapha Nahed, a pr\u00e9sent\u00e9 un expos\u00e9 d\u00e9taill\u00e9 sur les principales r\u00e9alisations au titre de 2019 et les comptes de l\u2019agence au titre de l\u2019ann\u00e9e budg\u00e9taire 2019.<\/p>\n<p>Dans son expos\u00e9, M. Nahid a mis l\u2019accent sur les investissements qui ont contribu\u00e9 \u00e0 la pr\u00e9servation du rendement, l\u2019am\u00e9lioration des services aux clients ainsi que la poursuite de la r\u00e9alisation des projets d\u2019assainissement liquide.<\/p>\n<p>Les r\u00e9alisations se r\u00e9partissent entre 22 MDH en tant qu\u2019investissement dans le secteur de l\u2019\u00e9lectricit\u00e9 (30%), 25 MDH dans le secteur de l\u2019eau (34%) et 26 MDH dans le secteur de l\u2019assainissement liquide (35%).<\/p>\n<p>L\u2019ann\u00e9e 2019 a \u00e9t\u00e9 marqu\u00e9e par la r\u00e9alisation de plusieurs projets, dont la signature d\u2019une convention de partenariat relative \u00e0 la r\u00e9alisation d\u2019un projet de traitement des eaux us\u00e9es \u00e0 Safi et la r\u00e9utilisation des eaux trait\u00e9es, l\u2019acquisition et l\u2019installation d\u2019un transformateur \u00e9lectrique 60\/20 KV d\u2019une puissance de 36 MVA (m\u00e9ga volt amp\u00e8re) au centre de transformation Azib Derai.<\/p>\n<p>L\u2019ann\u00e9e \u00e9coul\u00e9e a vu aussi la poursuite des travaux de remplacement du canal principal au niveau du r\u00e9seau d\u2019eau potable par un canal de 630 mm, la poursuite des travaux de r\u00e9alisation des canaux d\u2019\u00e9vacuation des eaux de pluies, la poursuite des travaux de r\u00e9alisation des installations d\u2019\u00e9vacuation des eaux de pluie \u00e0 la Place Boueddahab pour la protection contre les inondations.<\/p>\n<p>Les projets de 2019 comportent \u00e9galement la poursuite des travaux de r\u00e9alisation de deux ch\u00e2teaux d\u2019eau d\u2019une capacit\u00e9 de 1000 m2 pour chacun pour l\u2019approvisionnement de Laadir et la ville de Sebt Gzoula en eau potable, la r\u00e9alisation de deux stations de pompages et le raccordement de certains lotissements au r\u00e9seau d\u2019assainissement liquide.<\/p>\n<p>En chiffres, la RADEES a r\u00e9alis\u00e9 1.132 nouveaux raccordements au r\u00e9seau d\u2019\u00e9lectricit\u00e9, 1.703 nouveaux raccordements au r\u00e9seau d\u2019eau, le remplacement, le renforcement et l\u2019extension du r\u00e9seau de distribution de l\u2019\u00e9lectricit\u00e9 sur 18 km et l\u2019installation de 9,5 km de canaux de distribution d\u2019eau potable.<\/p>\n<p>Au niveau commercial et financier, la RADEES a r\u00e9alis\u00e9 un gain estim\u00e9 \u00e0 38 MDH et un chiffre d\u2019affaires de 417 MDH.<\/p>\n<p>Le CA a approuv\u00e9 \u00e0 l\u2019unanimit\u00e9 les comptes de l\u2019agence ainsi que les autres points inscrits \u00e0 l\u2019ordre du jour.<\/p>\n<p>Au terme de cette r\u00e9union, le pr\u00e9sident du conseil d\u2019administration a mis en relief les efforts de l\u2019administration de la RADEES ainsi que les employ\u00e9s pour l\u2019am\u00e9lioration de la qualit\u00e9 des services et la garantie de la continuit\u00e9 de l\u2019approvisionnement des populations en eau et \u00e9lectricit\u00e9 en d\u00e9pit de la pand\u00e9mie.<\/p>\n<\/div>\n<p>Auteur: Meriem IGASS<br \/>\n<a href=\"http:\/\/www.mapmarrakech.ma\/fr\/pres-de-75-mdh-dinvestissements-dans-les-secteurs-de-leau-et-de-lelectricite\/\">Cliquez ici pour lire l&rsquo;article depuis sa source.<\/a><\/p>\n","protected":false},"excerpt":{"rendered":"<p>Safi \u2013 La R\u00e9gie Autonome Intercommunale de distribution d\u2019Eau et d\u2019\u00c9lectricit\u00e9 de Safi (RADEES) a allou\u00e9 quelque 75 millions de DH (MDH) d\u2019investissements dans les secteurs de l\u2019eau et de l\u2019\u00e9lectricit\u00e9 dans la province au titre de l\u2019ann\u00e9e budg\u00e9taire 2019. Ces donn\u00e9es ont \u00e9t\u00e9 pr\u00e9sent\u00e9es lors de la r\u00e9union du Conseil d\u2019administration de la RADEES [&hellip;]<\/p>\n","protected":false},"author":1788,"featured_media":0,"comment_status":"closed","ping_status":"closed","sticky":false,"template":"","format":"standard","meta":{"fifu_image_url":"","fifu_image_alt":"","footnotes":""},"categories":[54,76],"tags":[],"class_list":["post-96144","post","type-post","status-publish","format-standard","hentry","category-maroc","category-regions"],"_links":{"self":[{"href":"https:\/\/linitiative.ca\/International\/wp-json\/wp\/v2\/posts\/96144","targetHints":{"allow":["GET"]}}],"collection":[{"href":"https:\/\/linitiative.ca\/International\/wp-json\/wp\/v2\/posts"}],"about":[{"href":"https:\/\/linitiative.ca\/International\/wp-json\/wp\/v2\/types\/post"}],"author":[{"embeddable":true,"href":"https:\/\/linitiative.ca\/International\/wp-json\/wp\/v2\/users\/1788"}],"replies":[{"embeddable":true,"href":"https:\/\/linitiative.ca\/International\/wp-json\/wp\/v2\/comments?post=96144"}],"version-history":[{"count":0,"href":"https:\/\/linitiative.ca\/International\/wp-json\/wp\/v2\/posts\/96144\/revisions"}],"wp:attachment":[{"href":"https:\/\/linitiative.ca\/International\/wp-json\/wp\/v2\/media?parent=96144"}],"wp:term":[{"taxonomy":"category","embeddable":true,"href":"https:\/\/linitiative.ca\/International\/wp-json\/wp\/v2\/categories?post=96144"},{"taxonomy":"post_tag","embeddable":true,"href":"https:\/\/linitiative.ca\/International\/wp-json\/wp\/v2\/tags?post=96144"}],"curies":[{"name":"wp","href":"https:\/\/api.w.org\/{rel}","templated":true}]}}