{"id":96150,"date":"2020-08-19T07:45:41","date_gmt":"2020-08-19T11:45:41","guid":{"rendered":"https:\/\/linitiative.ca\/International\/20-aout-55-a-guelma-faire-mal-au-colonialisme-objectif-de-loffensive-du-nord-constantinois\/"},"modified":"2020-08-19T07:45:41","modified_gmt":"2020-08-19T11:45:41","slug":"20-aout-55-a-guelma-faire-mal-au-colonialisme-objectif-de-loffensive-du-nord-constantinois","status":"publish","type":"post","link":"https:\/\/linitiative.ca\/International\/20-aout-55-a-guelma-faire-mal-au-colonialisme-objectif-de-loffensive-du-nord-constantinois\/","title":{"rendered":"20 ao\u00fbt 55 \u00e0 Guelma: faire mal au colonialisme, objectif de l\u2019offensive du Nord constantinois"},"content":{"rendered":"<div readability=\"36\">\n<p><strong>GUELMA &#8211; L\u2019objectif primordial des actions militaires de l\u2019offensive du Nord constantinois men\u00e9es les 20 et 21 ao\u00fbt 1955 dans plusieurs localit\u00e9s de la wilaya de Guelma \u00e9tait de \u00ab\u00a0faire mal au colonialisme fran\u00e7ais et de semer la confusion dans ses rangs\u00a0\u00bb, ont assur\u00e9 plusieurs acteurs de l&rsquo;offensive.<\/strong><\/p>\n<\/div>\n<div readability=\"110.15149987396\">\n<p>Parmi les acteurs de l&rsquo;offensive rencontr\u00e9s par l\u2019APS \u00e0 l\u2019occasion de la comm\u00e9moration du 65\u00e8me anniversaire de l\u2019offensive du Nord constantinois, le moudjahid Ahmed Cherif Chiheb, qui avait alors 25 ans et en a aujourd\u2019hui 90, avait fait exploser le bureau de poste de la commune de H\u00e9liopolis au Nord de Guelma.<\/p>\n<blockquote readability=\"9\">\n<p><em><strong>Ce nonag\u00e9naire confie avoir port\u00e9 la bombe artisanale que lui avaient remise les moudjahidine de la localit\u00e9 d\u2019Ain Sayd jusqu\u2019\u00e0 la poste cibl\u00e9e \u00ab\u00a0avec enthousiasme et joie\u00a0\u00bb, assurant que la seule pens\u00e9e qui le tracassait alors \u00e9tait de r\u00e9ussir l\u2019op\u00e9ration et semer la panique parmi les fran\u00e7ais.<\/strong><\/em><\/p>\n<\/blockquote>\n<p>\u00ab\u00a0Bien que j\u2019avais alors 25 ans, mari\u00e9 et p\u00e8re de sept enfants, je n\u2019ai ressenti aucune h\u00e9sitation ni peur lorsque mes responsables m\u2019avaient charg\u00e9 d\u2019accomplir cette mission \u00e0 midi pile du samedi 20 ao\u00fbt 1955\u00a0\u00bb, affirme le moudjahid Ahmed Cherif Chiheb, pr\u00e9cisant avoir allum\u00e9 la m\u00e8che de la bombe artisanale avec la cigarette qu\u2019il fumait avant de la lancer \u00e0 l\u2019int\u00e9rieur du bureau de poste.<\/p>\n<hr\/>\n<p><strong>Lire aussi:<\/strong>\u00a0<a href=\"\/proxy\/2f987951\/http\/www.aps.dz\/regions\/108776-20-aout-1955-a-skikda-rejoindre-les-rangs-de-l-aln-unique-choix-pour-recouvrer-l-independance\">20 ao\u00fbt 1955 \u00e0 Skikda: rejoindre les rangs de l&rsquo;ALN, unique choix pour recouvrer l\u2019ind\u00e9pendance<\/a><\/p>\n<hr\/>\n<p>D\u00e8s l\u2019accomplissement de sa mission, ce moudjahid se souvient de s\u2019\u00eatre repli\u00e9 lui et les quatre autres membres de son groupe vers la mechta Ain Sayd au milieu de la for\u00eat des monts Houara.<\/p>\n<blockquote readability=\"7\">\n<p><em><strong>Les trois autres groupes charg\u00e9s de mener des actions \u00e0 H\u00e9liopolis avaient pour missions de frapper les deux bars de la ville fr\u00e9quent\u00e9s par les colons et de couper la route entre cette ville et celle de Guelma.<\/strong><\/em><\/p>\n<\/blockquote>\n<p><strong>\u00a0Op\u00e9rations de ratissage \u00e0 la recherche des auteurs des attaques<\/strong><\/p>\n<p>Le retentissant succ\u00e8s de ces op\u00e9rations militaires dans la r\u00e9gion avait suscit\u00e9 une vague de joie chez les habitants des villages et mechtas, tandis que la folie s\u2019\u00e9tait empar\u00e9e des fran\u00e7ais qui, en repr\u00e9sailles, lanc\u00e8rent de multiples actions de ratissage \u00e0 la recherche des moudjahidine, assure dans son t\u00e9moignage Chiheb qui note, toutefois, qu\u2019\u00a0\u00bbapr\u00e8s quelques jours, l\u2019arm\u00e9e d\u2019occupation \u00e9tait parvenue \u00e0 identifier et \u00e0 arr\u00eater les ex\u00e9cutants des attaques suite \u00e0 une tra\u00eetrise.\u00a0\u00bb<\/p>\n<blockquote readability=\"13\">\n<p><em><strong>Le moudjahid nonag\u00e9naire raconte que vers la fin du mois d\u2019ao\u00fbt 1955, l\u2019arm\u00e9e fran\u00e7aise encercla la nuit son domicile familial dans la localit\u00e9 de Bouzitoune et r\u00e9ussit \u00e0 l\u2019arr\u00eater et \u00e0 l\u2019interner pendant 15 jours dans la caserne militaire du centre-ville de Guelma, avant de le transf\u00e9rer vers la prison de Lamb\u00e8se, \u00e0 Batna, puis le camp du Djorf, \u00e0 M\u2019sila.<\/strong><\/em><\/p>\n<\/blockquote>\n<p>C\u2019est dans ce dernier camp que ce moudjahid fit la connaissance du po\u00e8te Mohamed Chebouki avec qui il assure avoir nou\u00e9 une amiti\u00e9 qui avait dur\u00e9 jusqu\u2019\u00e0 la mort du po\u00e8te en 2005.<\/p>\n<p>Il fut ensuite transf\u00e9r\u00e9 \u00e0 la prison d\u2019Oran avant d\u2019\u00eatre lib\u00e9r\u00e9 apr\u00e8s deux ann\u00e9es d&rsquo;incarc\u00e9ration.<\/p>\n<p>Des t\u00e9moignages de moudjahidine, aujourd\u2019hui d\u00e9c\u00e9d\u00e9s, recueillis de leur vivant par l\u2019association de l\u2019histoire et des monuments historiques de Guelma, soulignent que les attaques men\u00e9es les 20 et 21 ao\u00fbt 1955, dans la r\u00e9gion de Guelma avaient eu un grand succ\u00e8s.<\/p>\n<p>Ils assurent \u00e9galement que les participants \u00e0 ces op\u00e9rations avaient \u00e9t\u00e9 r\u00e9unis dans la montagne Ezzemane de Skikda sous le commandement du chahid Zighoud Youcef pendant trois jours consacr\u00e9s \u00e0 la pr\u00e9paration et \u00e0 la planification.<\/p>\n<p>Les m\u00eames sources notent que les actions militaires les plus retentissantes avaient cibl\u00e9 des si\u00e8ges militaires et de gendarmerie, ainsi que des fermes et des commerces de colons \u00e0 Bouati Mahmoud, El Fedjoudj, H\u00e9liopolis sur l\u2019axe Guelma\/Skikda, Hammam Debagh, Roknia et Bouhemdane sur les limites de la wilaya de Skikda, ainsi que dans la r\u00e9gion d\u2019Oued Zenati.<\/p>\n<p>Les op\u00e9rations projet\u00e9es dans les deux communes d\u2019Ain Larbi et Guelma avaient \u00e9t\u00e9 report\u00e9es au 21 ao\u00fbt 1955 en raison du retard dans l\u2019acheminement des armes, pr\u00e9cisent les moudjahidine dans leurs t\u00e9moignages.<\/p>\n<\/div>\n<p>Auteur:<br \/>\n<a href=\"http:\/\/www.aps.dz\/regions\/108779-20-aout-1955-a-guelma-faire-mal-au-colonialisme-objectif-de-l-offensive-du-nord-constantinois\">Cliquez ici pour lire l&rsquo;article depuis sa source.<\/a><\/p>\n","protected":false},"excerpt":{"rendered":"<p>GUELMA &#8211; L\u2019objectif primordial des actions militaires de l\u2019offensive du Nord constantinois men\u00e9es les 20 et 21 ao\u00fbt 1955 dans plusieurs localit\u00e9s de la wilaya de Guelma \u00e9tait de \u00ab\u00a0faire mal au colonialisme fran\u00e7ais et de semer la confusion dans ses rangs\u00a0\u00bb, ont assur\u00e9 plusieurs acteurs de l&rsquo;offensive. Parmi les acteurs de l&rsquo;offensive rencontr\u00e9s par [&hellip;]<\/p>\n","protected":false},"author":1790,"featured_media":0,"comment_status":"closed","ping_status":"closed","sticky":false,"template":"","format":"standard","meta":{"fifu_image_url":"","fifu_image_alt":"","footnotes":""},"categories":[53,76],"tags":[],"class_list":["post-96150","post","type-post","status-publish","format-standard","hentry","category-algerie","category-regions"],"_links":{"self":[{"href":"https:\/\/linitiative.ca\/International\/wp-json\/wp\/v2\/posts\/96150","targetHints":{"allow":["GET"]}}],"collection":[{"href":"https:\/\/linitiative.ca\/International\/wp-json\/wp\/v2\/posts"}],"about":[{"href":"https:\/\/linitiative.ca\/International\/wp-json\/wp\/v2\/types\/post"}],"author":[{"embeddable":true,"href":"https:\/\/linitiative.ca\/International\/wp-json\/wp\/v2\/users\/1790"}],"replies":[{"embeddable":true,"href":"https:\/\/linitiative.ca\/International\/wp-json\/wp\/v2\/comments?post=96150"}],"version-history":[{"count":0,"href":"https:\/\/linitiative.ca\/International\/wp-json\/wp\/v2\/posts\/96150\/revisions"}],"wp:attachment":[{"href":"https:\/\/linitiative.ca\/International\/wp-json\/wp\/v2\/media?parent=96150"}],"wp:term":[{"taxonomy":"category","embeddable":true,"href":"https:\/\/linitiative.ca\/International\/wp-json\/wp\/v2\/categories?post=96150"},{"taxonomy":"post_tag","embeddable":true,"href":"https:\/\/linitiative.ca\/International\/wp-json\/wp\/v2\/tags?post=96150"}],"curies":[{"name":"wp","href":"https:\/\/api.w.org\/{rel}","templated":true}]}}