{"id":96163,"date":"2020-08-19T15:13:10","date_gmt":"2020-08-19T19:13:10","guid":{"rendered":"https:\/\/linitiative.ca\/International\/international-medioub-mimposer-a-bordeaux-pour-postuler-a-une-place-en-selection\/"},"modified":"2020-08-19T15:13:10","modified_gmt":"2020-08-19T19:13:10","slug":"international-medioub-mimposer-a-bordeaux-pour-postuler-a-une-place-en-selection","status":"publish","type":"post","link":"https:\/\/linitiative.ca\/International\/international-medioub-mimposer-a-bordeaux-pour-postuler-a-une-place-en-selection\/","title":{"rendered":"International : Medioub : \u00ab M\u2019imposer \u00e0 Bordeaux pour postuler \u00e0 une place en s\u00e9lection \u00bb"},"content":{"rendered":"<div readability=\"32\">\n<p>Auteur : <span>Moumen Ait Kaci Ali<\/span> <span class=\"time\">mercredi 19 ao\u00fbt 2020 16:04<\/span><\/p>\n<\/div>\n<div id=\"post_core\" readability=\"91\">\n<p>Sous contrat\u00a0 avec les Girondins de Bordeaux jusqu\u2019en 2022, le d\u00e9fenseur \u00a0central franco-alg\u00e9rien Jalil Medioub veut faire de cette nouvelle saison, celle de la confirmation. Jalil \u00a0a choisi de porter le maillot Vert de l\u2019EN. Il \u00a0nous parle de ses ambitions avec son club avec la d\u00e9signation du coach Jean Luis Gasset, et ne cache pas sa gosse motivation \u00e0 faire parler de lui en Ligue 1 fran\u00e7aise, pour m\u00e9riter l\u2019\u00e9gard du s\u00e9lectionneur national Djamel Belmadi. Un renfort de choix pour la s\u00e9lection nationale s\u2019il parvient bien entendu \u00e0 taper dans l\u2019\u0153il de Belmadi et de ses assistants.<\/p>\n<p><strong>Jalil \u00e7a se passe comment pour vous apr\u00e8s la p\u00e9riode de confinement\u00a0?<\/strong><\/p>\n<p>Hamdoulillah, tout se passe bien. J\u2019ai commenc\u00e9 la pr\u00e9paration avec le groupe professionnel, et je travaille comme tout le monde tr\u00e8s dur pour progresser avec mon nouvel entraineur. Les choses semblent bien se passer, \u00a0je veux me montrer \u00e0 la hauteur de la confiance plac\u00e9e en moi par l\u2019entraineur<\/p>\n<p><strong>On vous a d\u00e9j\u00e0 parl\u00e9 de votre choix de s\u00e9lection et vous \u00e9tiez depuis un moment d\u00e9j\u00e0 parti pour jouer pour l\u2019Alg\u00e9rie, C\u2019est toujours\u00a0le cas\u00a0?<\/strong><\/p>\n<p>Et pourquoi \u00e7a devrait changer\u00a0?\u00a0! J\u2019ai toujours montr\u00e9 mon choix pour mon pays mais je veux d\u2019abord jouer, m\u2019imposer avec Bordeaux et ensuite postuler \u00e0 une place en \u00e9quipe d\u2019Alg\u00e9rie. J\u2019ai attendu un clin d\u2019\u0153il des s\u00e9lections jeunes lorsque je jouais en jeunes \u00e0 Granada en Espagne et m\u00eame \u00e0 Bordeaux depuis un peu plus d\u2019un an \u00a0mais on ne m\u2019a pas appel\u00e9, \u00e7a ne fait rien, je vais travailler encore et tout faire pour m\u00e9riter ma s\u00e9lection en \u00e9quipe nationale d\u2019Alg\u00e9rie, Inch\u2019Allah<\/p>\n<p><strong>Avez-vous re\u00e7u un appel de la F\u00e9d\u00e9ration alg\u00e9rienne de football\u00a0?<\/strong><\/p>\n<p>Non, \u00e0 vrai dire, pour le moment il n\u2019y aucun appel officiel\u00a0! J\u2019ai entendu dire comme tout le monde que le s\u00e9lectionneur des espoirs me suivait il y a quelques temps mais je n\u2019ai rien re\u00e7u depuis cette p\u00e9riode-l\u00e0. \u00a0\u00a0<\/p>\n<p><strong>Avec les Girondins \u00e7a se passe bien\u00a0?<\/strong><\/p>\n<p>Oui, Hamdoulillah je n\u2019ai pas \u00e0 me plaindre, je dois juste travailler et attendre ma chance pour la saisir. Je ne veux pas br\u00fbler les \u00e9tapes, l\u2019essentiel maintenant est de savoir se montrer patient et tout faire pour progresser.<\/p>\n<p><strong>Quel sera donc votre objectif pour la nouvelle saison\u00a0?<\/strong><\/p>\n<p>Je vais tout faire pour aider mon \u00e9quipe, et surtout ne pas d\u00e9cevoir les gens qui me font confiance. Je suis dans un grand club fran\u00e7ais, et j\u2019ai envie d\u2019apporter plus de concurrence dans ce groupe. \u00a0<\/p>\n<p><strong>Entretien r\u00e9alis\u00e9 par Moumen Ait Kaci Ali<\/strong><\/p>\n<p><strong>Publi\u00e9 dans :<\/strong> <span>Jalil Medioub<\/span><\/p>\n<\/div>\n<p>Auteur:<br \/>\n<a href=\"http:\/\/www.lebuteur.com\/article\/detail?titre=medioub-mimposer-a-bordeaux-pour-postuler-a-une-place-en-selection&#038;id=96975&#038;utm_source=feedburner&#038;utm_medium=feed&#038;utm_campaign=Feed%3A+GalerieFArtciles+%28Les+derniers+articles++-+lebuteur.com%29\">Cliquez ici pour lire l&rsquo;article depuis sa source.<\/a><\/p>\n","protected":false},"excerpt":{"rendered":"<p>Auteur : Moumen Ait Kaci Ali mercredi 19 ao\u00fbt 2020 16:04 Sous contrat\u00a0 avec les Girondins de Bordeaux jusqu\u2019en 2022, le d\u00e9fenseur \u00a0central franco-alg\u00e9rien Jalil Medioub veut faire de cette nouvelle saison, celle de la confirmation. Jalil \u00a0a choisi de porter le maillot Vert de l\u2019EN. Il \u00a0nous parle de ses ambitions avec son club [&hellip;]<\/p>\n","protected":false},"author":1738,"featured_media":96164,"comment_status":"closed","ping_status":"closed","sticky":false,"template":"","format":"standard","meta":{"fifu_image_url":"","fifu_image_alt":"","footnotes":""},"categories":[53,75],"tags":[],"class_list":["post-96163","post","type-post","status-publish","format-standard","has-post-thumbnail","hentry","category-algerie","category-sport"],"_links":{"self":[{"href":"https:\/\/linitiative.ca\/International\/wp-json\/wp\/v2\/posts\/96163","targetHints":{"allow":["GET"]}}],"collection":[{"href":"https:\/\/linitiative.ca\/International\/wp-json\/wp\/v2\/posts"}],"about":[{"href":"https:\/\/linitiative.ca\/International\/wp-json\/wp\/v2\/types\/post"}],"author":[{"embeddable":true,"href":"https:\/\/linitiative.ca\/International\/wp-json\/wp\/v2\/users\/1738"}],"replies":[{"embeddable":true,"href":"https:\/\/linitiative.ca\/International\/wp-json\/wp\/v2\/comments?post=96163"}],"version-history":[{"count":0,"href":"https:\/\/linitiative.ca\/International\/wp-json\/wp\/v2\/posts\/96163\/revisions"}],"wp:featuredmedia":[{"embeddable":true,"href":"https:\/\/linitiative.ca\/International\/wp-json\/"}],"wp:attachment":[{"href":"https:\/\/linitiative.ca\/International\/wp-json\/wp\/v2\/media?parent=96163"}],"wp:term":[{"taxonomy":"category","embeddable":true,"href":"https:\/\/linitiative.ca\/International\/wp-json\/wp\/v2\/categories?post=96163"},{"taxonomy":"post_tag","embeddable":true,"href":"https:\/\/linitiative.ca\/International\/wp-json\/wp\/v2\/tags?post=96163"}],"curies":[{"name":"wp","href":"https:\/\/api.w.org\/{rel}","templated":true}]}}