{"id":96165,"date":"2020-08-19T15:13:12","date_gmt":"2020-08-19T19:13:12","guid":{"rendered":"https:\/\/linitiative.ca\/International\/equipe-dalgerie-apres-mehdi-abeid-un-autre-joueur-de-len-teste-positif-au-covid-19\/"},"modified":"2020-08-19T15:13:12","modified_gmt":"2020-08-19T19:13:12","slug":"equipe-dalgerie-apres-mehdi-abeid-un-autre-joueur-de-len-teste-positif-au-covid-19","status":"publish","type":"post","link":"https:\/\/linitiative.ca\/International\/equipe-dalgerie-apres-mehdi-abeid-un-autre-joueur-de-len-teste-positif-au-covid-19\/","title":{"rendered":"Equipe d&rsquo;Alg\u00e9rie : Apr\u00e8s Mehdi Abeid, un autre joueur de l&rsquo;EN test\u00e9 positif au Covid-19"},"content":{"rendered":"<div readability=\"32\">\n<p>Auteur : <span class=\"time\">mercredi 19 ao\u00fbt 2020 16:07<\/span><\/p>\n<\/div>\n<div id=\"post_core\" readability=\"39\">\n<p>L&rsquo;attaquant Alg\u00e9rien de Montpelier, Andy Delort a \u00e9t\u00e9 test\u00e9 positif au Covid-19. Le joueur montpelli\u00e9rain l&rsquo;a annonc\u00e9 lui-m\u00eame sur son compte Twitter en \u00e9crivant \u00ab\u00a0J&rsquo;ai \u00e9t\u00e9 test\u00e9 positif au COVID-19. Je vais revenir au plus vite. Je vais bien. Prenez soin de vous et de vos proches.\u00a0\u00bb\u00a0Pour rappel, Mehdi Abeid a lui aussi \u00e9t\u00e9 r\u00e9cemment test\u00e9 positif au Covid-19.<\/p>\n<p><strong>Publi\u00e9 dans :<\/strong> <span>Andy Delort<\/span><\/p>\n<\/div>\n<p>Auteur:<br \/>\n<a href=\"http:\/\/www.lebuteur.com\/article\/detail?titre=apres-mehdi-abeid-un-autre-joueur-de-len-teste-positif-au-covid-19&#038;id=96972&#038;utm_source=feedburner&#038;utm_medium=feed&#038;utm_campaign=Feed%3A+GalerieFArtciles+%28Les+derniers+articles++-+lebuteur.com%29\">Cliquez ici pour lire l&rsquo;article depuis sa source.<\/a><\/p>\n","protected":false},"excerpt":{"rendered":"<p>Auteur : mercredi 19 ao\u00fbt 2020 16:07 L&rsquo;attaquant Alg\u00e9rien de Montpelier, Andy Delort a \u00e9t\u00e9 test\u00e9 positif au Covid-19. Le joueur montpelli\u00e9rain l&rsquo;a annonc\u00e9 lui-m\u00eame sur son compte Twitter en \u00e9crivant \u00ab\u00a0J&rsquo;ai \u00e9t\u00e9 test\u00e9 positif au COVID-19. Je vais revenir au plus vite. Je vais bien. Prenez soin de vous et de vos proches.\u00a0\u00bb\u00a0Pour rappel, [&hellip;]<\/p>\n","protected":false},"author":1738,"featured_media":96166,"comment_status":"closed","ping_status":"closed","sticky":false,"template":"","format":"standard","meta":{"fifu_image_url":"","fifu_image_alt":"","footnotes":""},"categories":[53,75],"tags":[],"class_list":["post-96165","post","type-post","status-publish","format-standard","has-post-thumbnail","hentry","category-algerie","category-sport"],"_links":{"self":[{"href":"https:\/\/linitiative.ca\/International\/wp-json\/wp\/v2\/posts\/96165","targetHints":{"allow":["GET"]}}],"collection":[{"href":"https:\/\/linitiative.ca\/International\/wp-json\/wp\/v2\/posts"}],"about":[{"href":"https:\/\/linitiative.ca\/International\/wp-json\/wp\/v2\/types\/post"}],"author":[{"embeddable":true,"href":"https:\/\/linitiative.ca\/International\/wp-json\/wp\/v2\/users\/1738"}],"replies":[{"embeddable":true,"href":"https:\/\/linitiative.ca\/International\/wp-json\/wp\/v2\/comments?post=96165"}],"version-history":[{"count":0,"href":"https:\/\/linitiative.ca\/International\/wp-json\/wp\/v2\/posts\/96165\/revisions"}],"wp:featuredmedia":[{"embeddable":true,"href":"https:\/\/linitiative.ca\/International\/wp-json\/"}],"wp:attachment":[{"href":"https:\/\/linitiative.ca\/International\/wp-json\/wp\/v2\/media?parent=96165"}],"wp:term":[{"taxonomy":"category","embeddable":true,"href":"https:\/\/linitiative.ca\/International\/wp-json\/wp\/v2\/categories?post=96165"},{"taxonomy":"post_tag","embeddable":true,"href":"https:\/\/linitiative.ca\/International\/wp-json\/wp\/v2\/tags?post=96165"}],"curies":[{"name":"wp","href":"https:\/\/api.w.org\/{rel}","templated":true}]}}