{"id":96229,"date":"2020-08-19T10:59:57","date_gmt":"2020-08-19T14:59:57","guid":{"rendered":"https:\/\/linitiative.ca\/International\/le-candidat-du-cameroun-au-poste-de-dg-de-lasecna-est-connu\/"},"modified":"2020-08-19T10:59:57","modified_gmt":"2020-08-19T14:59:57","slug":"le-candidat-du-cameroun-au-poste-de-dg-de-lasecna-est-connu","status":"publish","type":"post","link":"https:\/\/linitiative.ca\/International\/le-candidat-du-cameroun-au-poste-de-dg-de-lasecna-est-connu\/","title":{"rendered":"Le candidat du Cameroun au poste de DG de l\u2019Asecna est connu"},"content":{"rendered":"<div class=\"featured-area featured-area-inner\"><img loading=\"lazy\" decoding=\"async\" width=\"526\" height=\"456\" src=\"https:\/\/ecomatin.net\/wp-content\/uploads\/2020\/08\/ASECNA-CAMEROUN-1.jpg\" class=\"attachment-full size-full wp-post-image\" alt=\"\" srcset=\"https:\/\/ecomatin.net\/wp-content\/uploads\/2020\/08\/ASECNA-CAMEROUN-1.jpg 526w, https:\/\/ecomatin.net\/wp-content\/uploads\/2020\/08\/ASECNA-CAMEROUN-1-300x260.jpg 300w\" sizes=\"auto, (max-width: 526px) 100vw, 526px\" data-attachment-id=\"17959\" data-permalink=\"https:\/\/ecomatin.net\/le-candidat-du-cameroun-au-poste-de-dg-de-lasecna-est-connu\/asecna-cameroun-2\/\" data-orig-file=\"https:\/\/ecomatin.net\/wp-content\/uploads\/2020\/08\/ASECNA-CAMEROUN-1.jpg\" data-orig-size=\"526,456\" data-comments-opened=\"0\" data-image-meta=\"{&quot;aperture&quot;:&quot;0&quot;,&quot;credit&quot;:&quot;franklin_delano&quot;,&quot;camera&quot;:&quot;&quot;,&quot;caption&quot;:&quot;&quot;,&quot;created_timestamp&quot;:&quot;1597855924&quot;,&quot;copyright&quot;:&quot;&quot;,&quot;focal_length&quot;:&quot;0&quot;,&quot;iso&quot;:&quot;0&quot;,&quot;shutter_speed&quot;:&quot;0&quot;,&quot;title&quot;:&quot;&quot;,&quot;orientation&quot;:&quot;1&quot;}\" data-image-title=\"ASECNA CAMEROUN\" data-image-description=\"\" data-medium-file=\"https:\/\/ecomatin.net\/wp-content\/uploads\/2020\/08\/ASECNA-CAMEROUN-1-300x260.jpg\" data-large-file=\"https:\/\/ecomatin.net\/wp-content\/uploads\/2020\/08\/ASECNA-CAMEROUN-1.jpg\"\/><\/div>\n<div class=\"entry-content entry clearfix\" readability=\"43.914452365522\">\n<p>Le 14 septembre prochain, les 18 Etats membres de l\u2019Agence de s\u00e9curit\u00e9 de la navigation a\u00e9rienne en Afrique et \u00e0 Madagascar(<strong>Asecna)<\/strong> sont\u00a0appel\u00e9s\u00a0\u00e0 \u00e9lire un\u00a0nouveau Directeur g\u00e9n\u00e9ral\u00a0\u00e0 la\u00a0t\u00eate de cet \u00e9tablissement public\u00a0\u00e0\u00a0caract\u00e8re international. Parmi les Etats en course, le Cameroun est d\u2019ores et d\u00e9j\u00e0 sur les starting blocks. Le pays vient de rendre public le nom de son candidat\u00a0\u00e0 ce poste tant convoit\u00e9. Il s\u2019agit d\u2019<strong>Engelbert Zoa Etundi<\/strong>, l\u2019actuel repr\u00e9sentant permanent du Cameroun aupr\u00e8s de l\u2019Organisation de l\u2019Aviation Civile Internationale (<strong>OACI<\/strong>). Dipl\u00f4m\u00e9 en G\u00e9nie et Sciences d\u2019Universit\u00e9s britanniques et de l\u2019\u00c9cole nationale de l\u2019Aviation civile de Toulouse, Englebert ZOA ETUNDI a \u00e9t\u00e9 \u00e9galement membre du Conseil de cette prestigieuse organisation(Oaci) pendant huit ans et y si\u00e8ge actuellement en qualit\u00e9 de membre observateur.<\/p>\n<p><strong>Lire aussi<\/strong> : <a href=\"https:\/\/ecomatin.net\/camair-co-programmee-pour-echouer\/\">Camair-co\u00a0: programmer pour \u00e9chouer ?<\/a><\/p>\n<p>Sa strat\u00e9gie repose sur le renforcement des performances op\u00e9rationnelles de l\u2019Agence et son rayonnement, tout en assurant son plein essor et sa p\u00e9rennit\u00e9. Cela implique des changements organisationnels en vue d\u2019op\u00e9rer une transition vers une nouvelle approche fond\u00e9e sur la gestion des risques, favorisant la rigueur, la transparence et la responsabilisation applicables \u00e0 tous les niveaux de l\u2019institution. Cette strat\u00e9gie s\u2019articule autour de trois piliers notamment la modernisation, le leadership et l\u2019expansion de l\u2019<strong>ASECNA<\/strong>. Ces piliers se d\u00e9clinent en neuf grands axes d\u2019actions rigoureusement planifi\u00e9es et coordonn\u00e9es que sont : la coop\u00e9ration d\u2019assistance aux \u00c9tats membres, la modernisation de la gestion de l\u2019Agence par l\u2019introduction de la transformation digitale des outils \u00e0 la prise de d\u00e9cisions, l\u2019innovation des infrastructures, une approche de conformit\u00e9 aux normes internationales de l\u2019OACI, une adaptation des formations \u00e0 la nouvelle demande des innovations en cours dans le secteur de l\u2019aviation civile, le rayonnement en Afrique par l\u2019am\u00e9lioration de son image, la sensibilisation par la pr\u00e9sence aux instances de prise des d\u00e9cisions, la prise des avantages qu\u2019offre le ciel unique africain et la diversification des ressources financi\u00e8res par l\u2019exploration des nouvelles opportunit\u00e9s d\u2019affaires via les \u00e9tudes approfondies.<\/p>\n<p><strong>Lire aussi<\/strong> : <a href=\"https:\/\/ecomatin.net\/transport-aerien-cacophonie-autour-du-plan-de-relance-de-camair-co\/\">Transport a\u00e9rien\u00a0: cacophonie autour du plan de relance de Camair-co<\/a><\/p>\n<p>Pour soutenir la candidature du Cameroun, le ministre des relations ext\u00e9rieures a engag\u00e9 une op\u00e9ration de lobbying aupr\u00e8s de quelques pays membres de l\u2019Asecna \u00e0 savoir la C\u00f4te d\u2019Ivoire, le S\u00e9n\u00e9gal et le Tchad. <strong>Lejeune Mbela Mbela<\/strong> a re\u00e7u en audience le 18 ao\u00fbt dernier les ambassadeurs de ces diff\u00e9rents pays pour pr\u00e9senter la candidature du Cameroun.<\/p>\n<div class=\"awac-wrapper awac widget posts-list-widget-11\">\n<h4 class=\"widget-title\">Le plus r\u00e9cent<\/h4>\n<\/div>\n<\/div>\n<p>Auteur: Eco Matin<br \/>\n<a href=\"https:\/\/ecomatin.net\/le-candidat-du-cameroun-au-poste-de-dg-de-lasecna-est-connu\/\">Cliquez ici pour lire l&rsquo;article depuis sa source.<\/a><\/p>\n","protected":false},"excerpt":{"rendered":"<p>Le 14 septembre prochain, les 18 Etats membres de l\u2019Agence de s\u00e9curit\u00e9 de la navigation a\u00e9rienne en Afrique et \u00e0 Madagascar(Asecna) sont\u00a0appel\u00e9s\u00a0\u00e0 \u00e9lire un\u00a0nouveau Directeur g\u00e9n\u00e9ral\u00a0\u00e0 la\u00a0t\u00eate de cet \u00e9tablissement public\u00a0\u00e0\u00a0caract\u00e8re international. Parmi les Etats en course, le Cameroun est d\u2019ores et d\u00e9j\u00e0 sur les starting blocks. Le pays vient de rendre public le nom [&hellip;]<\/p>\n","protected":false},"author":1969,"featured_media":96230,"comment_status":"closed","ping_status":"closed","sticky":false,"template":"","format":"standard","meta":{"fifu_image_url":"","fifu_image_alt":"","footnotes":""},"categories":[82,78],"tags":[],"class_list":["post-96229","post","type-post","status-publish","format-standard","has-post-thumbnail","hentry","category-cameroun","category-economie"],"_links":{"self":[{"href":"https:\/\/linitiative.ca\/International\/wp-json\/wp\/v2\/posts\/96229","targetHints":{"allow":["GET"]}}],"collection":[{"href":"https:\/\/linitiative.ca\/International\/wp-json\/wp\/v2\/posts"}],"about":[{"href":"https:\/\/linitiative.ca\/International\/wp-json\/wp\/v2\/types\/post"}],"author":[{"embeddable":true,"href":"https:\/\/linitiative.ca\/International\/wp-json\/wp\/v2\/users\/1969"}],"replies":[{"embeddable":true,"href":"https:\/\/linitiative.ca\/International\/wp-json\/wp\/v2\/comments?post=96229"}],"version-history":[{"count":0,"href":"https:\/\/linitiative.ca\/International\/wp-json\/wp\/v2\/posts\/96229\/revisions"}],"wp:featuredmedia":[{"embeddable":true,"href":"https:\/\/linitiative.ca\/International\/wp-json\/"}],"wp:attachment":[{"href":"https:\/\/linitiative.ca\/International\/wp-json\/wp\/v2\/media?parent=96229"}],"wp:term":[{"taxonomy":"category","embeddable":true,"href":"https:\/\/linitiative.ca\/International\/wp-json\/wp\/v2\/categories?post=96229"},{"taxonomy":"post_tag","embeddable":true,"href":"https:\/\/linitiative.ca\/International\/wp-json\/wp\/v2\/tags?post=96229"}],"curies":[{"name":"wp","href":"https:\/\/api.w.org\/{rel}","templated":true}]}}