{"id":96248,"date":"2020-08-20T07:40:55","date_gmt":"2020-08-20T11:40:55","guid":{"rendered":"https:\/\/linitiative.ca\/International\/situation-epidemiologique-principales-mesures-du-ministere-de-la-sante\/"},"modified":"2020-08-20T07:40:55","modified_gmt":"2020-08-20T11:40:55","slug":"situation-epidemiologique-principales-mesures-du-ministere-de-la-sante","status":"publish","type":"post","link":"https:\/\/linitiative.ca\/International\/situation-epidemiologique-principales-mesures-du-ministere-de-la-sante\/","title":{"rendered":"Situation \u00e9pid\u00e9miologique: Principales mesures du minist\u00e8re de la Sant\u00e9"},"content":{"rendered":"<div class=\"single-featured\"><img alt=\"\" data-src=\"http:\/\/www.mapmarrakech.ma\/map\/uploads\/2020\/08\/mesures-minist&#xE8;re-sant&#xE9;-copier.jpg\"\/><\/div>\n<div class=\"single-post-excerpt post-excerpt-bc\" readability=\"37\">\n<p>Marrakech \u2013 Voici les principales mesures annonc\u00e9es mercredi soir, par le ministre de la sant\u00e9, M. Khalid Ait Taleb, pour faire face aux derni\u00e8res \u00e9volutions de la situation \u00e9pid\u00e9miologique au niveau de la pr\u00e9fecture de Marrakech :<\/p>\n<\/div>\n<div class=\"entry-content clearfix single-post-content\" readability=\"58\">\n<p>\u2013 Rationalisation des structures hospitali\u00e8res de Marrakech et restructuration et organisation du processus de prise en charge des personnes infect\u00e9es par le Covid-19<\/p>\n<p>\u2013 Extension de l\u2019h\u00f4pital Ibn Zohr (Mamounia), qui sera enti\u00e8rement \u00e9quip\u00e9 de canalisation d\u2019oxyg\u00e8ne, et d\u00e9di\u00e9 uniquement aux cas suspects et au d\u00e9pistage de Covid-19<\/p>\n<p>\u2013 Mise \u00e0 niveau de l\u2019h\u00f4pital Al Antaki pour la prise en charge des cas admis en soins intensifs (premier degr\u00e9)<\/p>\n<p>\u2013 Extension de l\u2019h\u00f4pital Ibn Tofail<\/p>\n<p>\u2013 Am\u00e9nagement d\u2019un chapiteau au sein de l\u2019h\u00f4pital Ibn Tofail o\u00f9 seront pris en charge les cas Covid-19<\/p>\n<p>-Mise \u00e0 niveau d\u2019un b\u00e2timent relevant de cet h\u00f4pital pour le consacrer \u00e0 la prise en charge des cas de Covid-19<\/p>\n<p>-L\u2019h\u00f4pital Arrazi relevant du CHU Mohammed VI restera d\u00e9di\u00e9 aux cas critiques<\/p>\n<p>-Extension de l\u2019h\u00f4pital de campagne de Bengu\u00e9rir dont la capacit\u00e9 liti\u00e8re passera de 360 lits actuellement \u00e0 650 lits, ce qui permettra d\u2019all\u00e9ger la pression sur les h\u00f4pitaux de Marrakech.<\/p>\n<p>-Cr\u00e9ation et mise \u00e0 niveau de centres sanitaires de proximit\u00e9 afin de prendre en charge et accompagner les cas les plus expos\u00e9s.<\/p>\n<\/div>\n<p>Auteur: Meriem IGASS<br \/>\n<a href=\"http:\/\/www.mapmarrakech.ma\/fr\/principales-mesures-du-ministre-de-la-sante-face-a-la-situation-epidemiologique\/\">Cliquez ici pour lire l&rsquo;article depuis sa source.<\/a><\/p>\n","protected":false},"excerpt":{"rendered":"<p>Marrakech \u2013 Voici les principales mesures annonc\u00e9es mercredi soir, par le ministre de la sant\u00e9, M. Khalid Ait Taleb, pour faire face aux derni\u00e8res \u00e9volutions de la situation \u00e9pid\u00e9miologique au niveau de la pr\u00e9fecture de Marrakech : \u2013 Rationalisation des structures hospitali\u00e8res de Marrakech et restructuration et organisation du processus de prise en charge des [&hellip;]<\/p>\n","protected":false},"author":1788,"featured_media":96249,"comment_status":"closed","ping_status":"closed","sticky":false,"template":"","format":"standard","meta":{"fifu_image_url":"","fifu_image_alt":"","footnotes":""},"categories":[54,76],"tags":[],"class_list":["post-96248","post","type-post","status-publish","format-standard","has-post-thumbnail","hentry","category-maroc","category-regions"],"_links":{"self":[{"href":"https:\/\/linitiative.ca\/International\/wp-json\/wp\/v2\/posts\/96248","targetHints":{"allow":["GET"]}}],"collection":[{"href":"https:\/\/linitiative.ca\/International\/wp-json\/wp\/v2\/posts"}],"about":[{"href":"https:\/\/linitiative.ca\/International\/wp-json\/wp\/v2\/types\/post"}],"author":[{"embeddable":true,"href":"https:\/\/linitiative.ca\/International\/wp-json\/wp\/v2\/users\/1788"}],"replies":[{"embeddable":true,"href":"https:\/\/linitiative.ca\/International\/wp-json\/wp\/v2\/comments?post=96248"}],"version-history":[{"count":0,"href":"https:\/\/linitiative.ca\/International\/wp-json\/wp\/v2\/posts\/96248\/revisions"}],"wp:featuredmedia":[{"embeddable":true,"href":"https:\/\/linitiative.ca\/International\/wp-json\/"}],"wp:attachment":[{"href":"https:\/\/linitiative.ca\/International\/wp-json\/wp\/v2\/media?parent=96248"}],"wp:term":[{"taxonomy":"category","embeddable":true,"href":"https:\/\/linitiative.ca\/International\/wp-json\/wp\/v2\/categories?post=96248"},{"taxonomy":"post_tag","embeddable":true,"href":"https:\/\/linitiative.ca\/International\/wp-json\/wp\/v2\/tags?post=96248"}],"curies":[{"name":"wp","href":"https:\/\/api.w.org\/{rel}","templated":true}]}}