{"id":96253,"date":"2020-08-20T11:27:02","date_gmt":"2020-08-20T15:27:02","guid":{"rendered":"https:\/\/linitiative.ca\/International\/mobilisation-pour-renflouer-les-stocks-de-sang\/"},"modified":"2020-08-20T11:27:02","modified_gmt":"2020-08-20T15:27:02","slug":"mobilisation-pour-renflouer-les-stocks-de-sang","status":"publish","type":"post","link":"https:\/\/linitiative.ca\/International\/mobilisation-pour-renflouer-les-stocks-de-sang\/","title":{"rendered":"Mobilisation pour renflouer les stocks de sang"},"content":{"rendered":"<div class=\"single-featured\"><img alt=\"\" data-src=\"http:\/\/www.mapmarrakech.ma\/map\/uploads\/2020\/08\/don-de-sang-safi-copier.jpg\"\/><\/div>\n<div class=\"single-post-excerpt post-excerpt-bc\" readability=\"35\">\n<p>Safi \u2013 L\u2019Association des \u0153uvres sociales des fonctionnaires de la province de Safi a organis\u00e9 mercredi, une campagne de sang en vue de pallier le manque flagrant en cette mati\u00e8re vitale au niveau du Centre r\u00e9gional de transfusion sanguine (CRTS) \u00e0 Safi.<\/p>\n<\/div>\n<div class=\"entry-content clearfix single-post-content\" readability=\"60\">\n<p>Organis\u00e9e en coordination avec la D\u00e9l\u00e9gation provinciale de la sant\u00e9 et en partenariat avec le CRTS \u00e0 Safi, cette initiative solidaire et humaine vise \u00e0 renflouer les stocks de sang qui ont accus\u00e9 un d\u00e9ficit \u00e9norme en raison de la baisse du nombre de donneurs r\u00e9sultant du confinement et les restrictions de d\u00e9placements.<\/p>\n<p>Cette campagne a connu une forte mobilisation des donneurs et des cadres m\u00e9dicaux qui ont encadr\u00e9 cette initiative solidaire \u00e0 travers les mesures prises au niveau sanitaire telles que la st\u00e9rilisation et le port des masques de protection ou au niveau organisationnel avec le respect de la distanciation sociale de sorte \u00e0 enrayer la propagation du nouveau coronavirus.<\/p>\n<p>Dans une d\u00e9claration \u00e0 la presse, le pr\u00e9sident de l\u2019Association des \u0153uvres sociales des fonctionnaires de la Province de Safi, Mounir Tounzi, a soulign\u00e9 que l\u2019association a pris l\u2019habitude d\u2019organiser chaque ann\u00e9e ce genre de campagnes de don de sang afin de sauver des vies, qui ont besoin de transfusion sanguine.<\/p>\n<p>Cette initiative solidaire vise \u00e0 renflouer les stocks de sang du CRTS notamment durant cette conjoncture exceptionnelle et consacrer les valeurs de solidarit\u00e9 et d\u2019entraide et l\u2019ouverture de l\u2019association sur son environnement, a-t-il ajout\u00e9.<\/p>\n<p>Le Centre national de transfusion sanguine et d\u2019h\u00e9matologie (CNTSH) et le CRTS de Safi avaient lanc\u00e9 un appel au don du sang en raison du d\u00e9ficit \u00e9norme dans les stocks nationaux, qui sont actuellement en mesure de r\u00e9pondre aux besoins de quatre jours seulement.<\/p>\n<\/div>\n<p>Auteur: Meriem IGASS<br \/>\n<a href=\"http:\/\/www.mapmarrakech.ma\/fr\/mobilisation-pour-renflouer-les-stocks-de-sang\/\">Cliquez ici pour lire l&rsquo;article depuis sa source.<\/a><\/p>\n","protected":false},"excerpt":{"rendered":"<p>Safi \u2013 L\u2019Association des \u0153uvres sociales des fonctionnaires de la province de Safi a organis\u00e9 mercredi, une campagne de sang en vue de pallier le manque flagrant en cette mati\u00e8re vitale au niveau du Centre r\u00e9gional de transfusion sanguine (CRTS) \u00e0 Safi. Organis\u00e9e en coordination avec la D\u00e9l\u00e9gation provinciale de la sant\u00e9 et en partenariat [&hellip;]<\/p>\n","protected":false},"author":1788,"featured_media":96254,"comment_status":"closed","ping_status":"closed","sticky":false,"template":"","format":"standard","meta":{"fifu_image_url":"","fifu_image_alt":"","footnotes":""},"categories":[54,76],"tags":[],"class_list":["post-96253","post","type-post","status-publish","format-standard","has-post-thumbnail","hentry","category-maroc","category-regions"],"_links":{"self":[{"href":"https:\/\/linitiative.ca\/International\/wp-json\/wp\/v2\/posts\/96253","targetHints":{"allow":["GET"]}}],"collection":[{"href":"https:\/\/linitiative.ca\/International\/wp-json\/wp\/v2\/posts"}],"about":[{"href":"https:\/\/linitiative.ca\/International\/wp-json\/wp\/v2\/types\/post"}],"author":[{"embeddable":true,"href":"https:\/\/linitiative.ca\/International\/wp-json\/wp\/v2\/users\/1788"}],"replies":[{"embeddable":true,"href":"https:\/\/linitiative.ca\/International\/wp-json\/wp\/v2\/comments?post=96253"}],"version-history":[{"count":0,"href":"https:\/\/linitiative.ca\/International\/wp-json\/wp\/v2\/posts\/96253\/revisions"}],"wp:featuredmedia":[{"embeddable":true,"href":"https:\/\/linitiative.ca\/International\/wp-json\/"}],"wp:attachment":[{"href":"https:\/\/linitiative.ca\/International\/wp-json\/wp\/v2\/media?parent=96253"}],"wp:term":[{"taxonomy":"category","embeddable":true,"href":"https:\/\/linitiative.ca\/International\/wp-json\/wp\/v2\/categories?post=96253"},{"taxonomy":"post_tag","embeddable":true,"href":"https:\/\/linitiative.ca\/International\/wp-json\/wp\/v2\/tags?post=96253"}],"curies":[{"name":"wp","href":"https:\/\/api.w.org\/{rel}","templated":true}]}}