{"id":96261,"date":"2020-08-20T12:40:00","date_gmt":"2020-08-20T16:40:00","guid":{"rendered":"https:\/\/linitiative.ca\/International\/chikhaoui-fin-pret-mais\/"},"modified":"2020-08-20T12:40:00","modified_gmt":"2020-08-20T16:40:00","slug":"chikhaoui-fin-pret-mais","status":"publish","type":"post","link":"https:\/\/linitiative.ca\/International\/chikhaoui-fin-pret-mais\/","title":{"rendered":"Chikhaoui fin pr\u00eat, mais\u2026"},"content":{"rendered":"<p class=\"p1 c2\">Tout l\u2019entourage du club sah\u00e9lien s\u2019est enthousiasm\u00e9 pour le retour du capitaine de l\u2019\u00e9quipe Yassine Chikhaoui, apr\u00e8s s\u2019\u00eatre mis d\u2019accord avec le pr\u00e9sident de l\u2019Etoile. Bien qu\u2019il soit fin pr\u00eat physiquement pour replonger dans l\u2019ambiance de la comp\u00e9tition, le strat\u00e8ge de l\u2019\u00e9quipe n\u2019a toujours pas repris sa place au sein de l\u2019effectif, de quoi se poser certaines questions \u00e0 ce sujet et donner libre cours \u00e0 certaines rumeurs. Certains d\u00e9tails d\u2019ordre contractuel voire m\u00eame financier sont sur le point d\u2019\u00eatre \u00e9lucid\u00e9s afin d\u2019acc\u00e9l\u00e9rer la r\u00e9int\u00e9gration effective de Chikhaoui.<\/p>\n<p class=\"p2 c3\"><strong>Saison termin\u00e9e<span class=\"Apple-converted-space\">\u00a0<\/span><\/strong><\/p>\n<p class=\"p2 c3\"><strong>pour B\u00e2ayou<\/strong><\/p>\n<p class=\"p1 c2\">D\u00e9cid\u00e9ment, le jeune international Malek B\u00e2ayou, puisque quelques temps apr\u00e8s avoir r\u00e9cup\u00e9r\u00e9 de son ancienne blessure, il est de nouveau contraint de manquer la comp\u00e9tition pendant au moins un mois suite \u00e0 l\u2019agression orchestr\u00e9e samedi dernier par Mohamed Ali Yacoubi qui lui a caus\u00e9 une rupture du ligament lat\u00e9ral du genou. Du coup, l\u2019excellent milieu d\u00e9fensif \u00e9toil\u00e9 s\u2019est vu contraint de d\u00e9clarer forfait pour la suite de l\u2019actuelle saison.<\/p>\n<p class=\"p3 c4\"><strong>Hatem REGAIEG<\/strong><\/p>\n<p>Auteur: letemps1<br \/>\n<a href=\"http:\/\/www.letemps.com.tn\/article\/116535\/chikhaoui-fin-pr%C3%AAt-mais%E2%80%A6\">Cliquez ici pour lire l&rsquo;article depuis sa source.<\/a><\/p>\n","protected":false},"excerpt":{"rendered":"<p>Tout l\u2019entourage du club sah\u00e9lien s\u2019est enthousiasm\u00e9 pour le retour du capitaine de l\u2019\u00e9quipe Yassine Chikhaoui, apr\u00e8s s\u2019\u00eatre mis d\u2019accord avec le pr\u00e9sident de l\u2019Etoile. Bien qu\u2019il soit fin pr\u00eat physiquement pour replonger dans l\u2019ambiance de la comp\u00e9tition, le strat\u00e8ge de l\u2019\u00e9quipe n\u2019a toujours pas repris sa place au sein de l\u2019effectif, de quoi se [&hellip;]<\/p>\n","protected":false},"author":1773,"featured_media":0,"comment_status":"closed","ping_status":"closed","sticky":false,"template":"","format":"standard","meta":{"fifu_image_url":"","fifu_image_alt":"","footnotes":""},"categories":[73,55],"tags":[],"class_list":["post-96261","post","type-post","status-publish","format-standard","hentry","category-actualite","category-tunisie"],"_links":{"self":[{"href":"https:\/\/linitiative.ca\/International\/wp-json\/wp\/v2\/posts\/96261","targetHints":{"allow":["GET"]}}],"collection":[{"href":"https:\/\/linitiative.ca\/International\/wp-json\/wp\/v2\/posts"}],"about":[{"href":"https:\/\/linitiative.ca\/International\/wp-json\/wp\/v2\/types\/post"}],"author":[{"embeddable":true,"href":"https:\/\/linitiative.ca\/International\/wp-json\/wp\/v2\/users\/1773"}],"replies":[{"embeddable":true,"href":"https:\/\/linitiative.ca\/International\/wp-json\/wp\/v2\/comments?post=96261"}],"version-history":[{"count":0,"href":"https:\/\/linitiative.ca\/International\/wp-json\/wp\/v2\/posts\/96261\/revisions"}],"wp:attachment":[{"href":"https:\/\/linitiative.ca\/International\/wp-json\/wp\/v2\/media?parent=96261"}],"wp:term":[{"taxonomy":"category","embeddable":true,"href":"https:\/\/linitiative.ca\/International\/wp-json\/wp\/v2\/categories?post=96261"},{"taxonomy":"post_tag","embeddable":true,"href":"https:\/\/linitiative.ca\/International\/wp-json\/wp\/v2\/tags?post=96261"}],"curies":[{"name":"wp","href":"https:\/\/api.w.org\/{rel}","templated":true}]}}