{"id":96263,"date":"2020-08-20T12:40:00","date_gmt":"2020-08-20T16:40:00","guid":{"rendered":"https:\/\/linitiative.ca\/International\/a-un-pas-de-faire-lhistoire\/"},"modified":"2020-08-20T12:40:00","modified_gmt":"2020-08-20T16:40:00","slug":"a-un-pas-de-faire-lhistoire","status":"publish","type":"post","link":"https:\/\/linitiative.ca\/International\/a-un-pas-de-faire-lhistoire\/","title":{"rendered":"\u00abA un pas de faire l\u2019histoire\u00a0!\u00bb"},"content":{"rendered":"<p class=\"p1 c3\"><span class=\"c2\">\u00abOn est tr\u00e8s contents. Il faut dire que l\u2019\u00e9quipe a fait un grand match. On a marqu\u00e9 l\u2019histoire du club. On est en finale, c\u2019est tr\u00e8s important pour nous.<\/span><\/p>\n<p class=\"p1 c3\"><span class=\"c2\">C\u2019est nous qui les avons rendu faible. On a jou\u00e9 \u00e0 100%. Au d\u00e9but c\u2019\u00e9tait du 50-50 mais notre entame de match a \u00e9t\u00e9 bonne.<\/span><\/p>\n<p class=\"p1 c3\"><span class=\"c2\">\u00c7a va \u00eatre dur de dormir ce soir. On voit bien que le championnat de\u00a0France\u00a0et celui d\u203aAllemagne\u00a0sont d\u203aun bon niveau.<\/span><\/p>\n<p class=\"p1 c3\"><span class=\"c2\">On n\u2019est plus qu\u2019\u00e0 un pas de faire l\u2019histoire du club.\u00bb<\/span><\/p>\n<p class=\"p2 c4\"><span class=\"c2\"><strong>Nasser Al-Khela\u00effi <span class=\"Apple-converted-space\">\u00a0<\/span><\/strong><\/span><\/p>\n<p class=\"p1 c3\"><span class=\"c2\">\u00abC\u2019est une soir\u00e9e historique, la premi\u00e8re fois en finale de la LDC. Soir\u00e9e magnifique. L\u2019\u00e9quipe a fait un match parfait face \u00e0 une \u00e9quipe difficile. Je suis tr\u00e8s<span class=\"Apple-converted-space\">\u00a0<\/span> fier de mes joueurs, fier de mon staff technique.<\/span><\/p>\n<p class=\"p1 c3\"><span class=\"c2\">On ne voulait pas rentrer \u00e0 Paris, on voulait rester \u00e0 Lisbonne.<\/span><\/p>\n<p class=\"p1 c3\"><span class=\"c2\">C\u2019est un r\u00eave. J\u2019esp\u00e8re qu\u2019il va continuer ! On m\u00e9rite. Ce soir, je ne sais pas quoi dire. C\u2019est une soir\u00e9e magnifique pour nous.<\/span><\/p>\n<p class=\"p1 c3\"><span class=\"c2\">Depuis 2011 qu\u2019on est au PSG, on est proche de notre r\u00eave. On est l\u00e0, on m\u00e9rite, on veut aller le plus loin. Je suis fier de tout le monde.\u00bb<\/span><\/p>\n<p class=\"p3 c5\">\u00a0<\/p>\n<p class=\"p2 c4\"><span class=\"c2\"><strong>Thomas Tuchel <span class=\"Apple-converted-space\">\u00a0<\/span><\/strong><\/span><\/p>\n<p class=\"p1 c3\"><span class=\"c2\">\u00abC\u2019est incroyable nous sommes ici pour jouer la finale et pour la gagner. L\u2019\u00e9quipe a fait preuve de d\u00e9termination. On a m\u00e9rit\u00e9 de gagner.<\/span><\/p>\n<p class=\"p1 c3\"><span class=\"c2\">J\u2019\u00e9tais tr\u00e8s nerveux. J\u2019ai senti la pression aujourd\u2019hui avant le match ce n\u2019\u00e9tait pas facile. J\u2019ai des joueur qui sont habitues \u00e0 jouer avec cette pression qui aime cette pression.<\/span><\/p>\n<p class=\"p1 c3\"><span class=\"c2\">Je ne suis jamais d\u00e9tendu car tout peut arriver dans le foot.<\/span><\/p>\n<p class=\"p1 c3\"><span class=\"c2\">Notre plan ? De rester avec notre identit\u00e9 de jeu, de contr\u00f4ler l\u2019espace, les contre-attaques, d\u2019utiliser les acc\u00e9l\u00e9rations d\u2019Angel, Ney et Kyky.<\/span><\/p>\n<p class=\"p1 c3\"><span class=\"c2\">Pour moi, c\u2019\u00e9tait une comp\u00e9tition pour les joueurs, ils doivent se sentir bien sur le terrain : pas besoin de grand changement tactique. On s\u2019adapte \u00e0 l\u2019adversaire mais pas trop. Ils ont montr\u00e9 une bonne mentalit\u00e9.<\/span><\/p>\n<p class=\"p1 c3\"><span class=\"c2\">Bayern ou\u00a0Lyon\u00a0? Je vais profiter de ce match, le regarder. C\u203aest une r\u00e9compense de pouvoir regarder ce match avec mes joueurs et le staff. Le Bayern est favori mais c\u203aest dur contre Lyon, on va voir.<\/span><\/p>\n<p class=\"p1 c3\"><span class=\"c2\">La finale de LDC pour ma carri\u00e8re c\u2019est le plus grand match.\u00bb<\/span><\/p>\n<p class=\"p3 c5\">\u00a0<\/p>\n<p class=\"p2 c4\"><span class=\"c2\"><strong>Thiago Silva <span class=\"Apple-converted-space\">\u00a0<\/span><\/strong><\/span><\/p>\n<p class=\"p1 c3\"><span class=\"c2\">\u00abCe n\u2019\u00e9tait pas facile du tout. Il y a eu des moments tr\u00e8s difficiles. Mais aujourd\u2019hui on a m\u00e9rit\u00e9 d\u2019\u00eatre en finale. Je suis tr\u00e8s fier de mon \u00e9quipe. On a jou\u00e9 juste. On est tr\u00e8s forts devant. Chaque match on a la possibilit\u00e9 de marquer.<\/span><\/p>\n<p class=\"p1 c3\"><span class=\"c2\">C\u2019est historique mais ce n\u2019est pas la fin ! On doit se reposer pour dimanche.<\/span><\/p>\n<p class=\"p1 c3\"><span class=\"c2\">J\u2019esp\u00e8re qu\u2019on va en profiter tous ensemble avec le titre. Je suis venu au PSG pour \u00e7a. Maintenant on est finale. \u00c7a d\u00e9pendra de nous. \u00c7a va \u00eatre tr\u00e8s compliqu\u00e9 pour le Bayern car Lyon joue tr\u00e8s bien.<\/span><\/p>\n<p class=\"p1 c3\"><span class=\"c2\">Je veux finir ma carri\u00e8re au PSG. Maintenant je suis tranquille dans ma t\u00eate. Je suis rouge et bleu.<\/span><\/p>\n<p class=\"p1 c3\"><span class=\"c2\">Cette ann\u00e9e on a retrouv\u00e9 l\u2019\u00e9quilibre. On est plus comp\u00e9titifs. L\u2019\u00e9quipe qui va gagner cette\u00a0Ligue des champions, tout le monde s\u2019en rappellera.\u00bb<\/span><\/p>\n<p>Auteur: letemps1<br \/>\n<a href=\"http:\/\/www.letemps.com.tn\/article\/116537\/%C2%AB-un-pas-de-faire-l%E2%80%99histoire%C2%A0%C2%BB\">Cliquez ici pour lire l&rsquo;article depuis sa source.<\/a><\/p>\n","protected":false},"excerpt":{"rendered":"<p>\u00abOn est tr\u00e8s contents. Il faut dire que l\u2019\u00e9quipe a fait un grand match. On a marqu\u00e9 l\u2019histoire du club. On est en finale, c\u2019est tr\u00e8s important pour nous. C\u2019est nous qui les avons rendu faible. On a jou\u00e9 \u00e0 100%. Au d\u00e9but c\u2019\u00e9tait du 50-50 mais notre entame de match a \u00e9t\u00e9 bonne. \u00c7a [&hellip;]<\/p>\n","protected":false},"author":1773,"featured_media":0,"comment_status":"closed","ping_status":"closed","sticky":false,"template":"","format":"standard","meta":{"fifu_image_url":"","fifu_image_alt":"","footnotes":""},"categories":[73,55],"tags":[],"class_list":["post-96263","post","type-post","status-publish","format-standard","hentry","category-actualite","category-tunisie"],"_links":{"self":[{"href":"https:\/\/linitiative.ca\/International\/wp-json\/wp\/v2\/posts\/96263","targetHints":{"allow":["GET"]}}],"collection":[{"href":"https:\/\/linitiative.ca\/International\/wp-json\/wp\/v2\/posts"}],"about":[{"href":"https:\/\/linitiative.ca\/International\/wp-json\/wp\/v2\/types\/post"}],"author":[{"embeddable":true,"href":"https:\/\/linitiative.ca\/International\/wp-json\/wp\/v2\/users\/1773"}],"replies":[{"embeddable":true,"href":"https:\/\/linitiative.ca\/International\/wp-json\/wp\/v2\/comments?post=96263"}],"version-history":[{"count":0,"href":"https:\/\/linitiative.ca\/International\/wp-json\/wp\/v2\/posts\/96263\/revisions"}],"wp:attachment":[{"href":"https:\/\/linitiative.ca\/International\/wp-json\/wp\/v2\/media?parent=96263"}],"wp:term":[{"taxonomy":"category","embeddable":true,"href":"https:\/\/linitiative.ca\/International\/wp-json\/wp\/v2\/categories?post=96263"},{"taxonomy":"post_tag","embeddable":true,"href":"https:\/\/linitiative.ca\/International\/wp-json\/wp\/v2\/tags?post=96263"}],"curies":[{"name":"wp","href":"https:\/\/api.w.org\/{rel}","templated":true}]}}