{"id":96265,"date":"2020-08-20T12:40:00","date_gmt":"2020-08-20T16:40:00","guid":{"rendered":"https:\/\/linitiative.ca\/International\/je-vais-laisser-mon-corps-sur-le-terrain\/"},"modified":"2020-08-20T12:40:00","modified_gmt":"2020-08-20T16:40:00","slug":"je-vais-laisser-mon-corps-sur-le-terrain","status":"publish","type":"post","link":"https:\/\/linitiative.ca\/International\/je-vais-laisser-mon-corps-sur-le-terrain\/","title":{"rendered":"\u00abJe vais laisser mon corps sur le terrain\u00a0!\u00bb"},"content":{"rendered":"<p class=\"p1 c3\"><span class=\"c2\">De retour d\u2019une blessure \u00e0 la cheville, Kylian Mbapp\u00e9 s\u2019est dit pr\u00eat \u00e0 \u00ablaisser (son) corps sur le terrain\u00bb pour gagner la Ligue des champions.<\/span><\/p>\n<p class=\"p1 c3\"><span class=\"c2\">Kylian Mbapp\u00e9 a r\u00e9pondu aux questions de Goal, en conf\u00e9rence de presse, apr\u00e8s la qualification historique du PSG pour la finale de la\u00a0Ligue des champions.\u00a0Au sortir d\u2019une victoire contre Leipzig (3-0),\u00a0l&rsquo;attaquant fran\u00e7ais a assur\u00e9 qu&rsquo;il \u00e9tait pr\u00eat \u00e0\u00a0\u00ablaisser (son corps) sur le terrain\u00bb\u00a0pour aller au bout et soulever le troph\u00e9e dimanche \u00e0 Lisbonne.<\/span><\/p>\n<p class=\"p1 c3\"><span class=\"c2\"><strong>Comment se passe votre entente avec Neymar\u00a0? Peut-il \u00eatre sacr\u00e9 meilleur joueur du monde ?<\/strong><\/span><\/p>\n<p class=\"p1 c3\"><span class=\"c2\"><strong>Kylian Mbapp\u00e9<\/strong> :\u00a0On s&rsquo;entend tr\u00e8s bien sur le terrain et en dehors. C&rsquo;est important pour le collectif et c&rsquo;est tr\u00e8s agr\u00e9able de jouer avec un joueur comme Neymar. C\u2019est l\u2019un des meilleurs joueurs du monde. Il l\u2019a montr\u00e9 aujourd\u2019hui, m\u00eame s\u2019il n\u2019a pas marqu\u00e9. On est pass\u00e9s, c\u2019est le plus important, et \u00e7a a profit\u00e9 \u00e0 Di Maria qui a fait un super match. Cette ann\u00e9e, le Ballon d\u2019Or ne sera pas d\u00e9cern\u00e9, mais si on gagne la Ligue des champions, bien s\u00fbr qu\u2019il sera en position pour gagner\u00a0le troph\u00e9e. Naturellement, il est destin\u00e9 \u00e0 remporter ce type de troph\u00e9e. J\u2019esp\u00e8re qu\u2019il le gagnera, cela voudra dire qu\u2019on gagne la Ligue des champions.<\/span><\/p>\n<p class=\"p1 c3\"><span class=\"c2\"><strong>Vous avez connu la victoire en\u00a0Coupe du monde\u00a0avec l&rsquo;\u00e9quipe de France\u00a0dans un tournoi \u00e0 match \u00e0 \u00e9limination directe. Avec-vous l&rsquo;impression qu&rsquo;il y a un parall\u00e8le avec ce que vit le PSG dans ce \u00abFinal 8\u00bb\u00a0?\u00a0<\/strong><\/span><\/p>\n<p class=\"p1 c3\"><span class=\"c2\">Franchement oui. On a r\u00e9ussi \u00e0 cr\u00e9er un groupe, chacun conna\u00eet son importance et apporte sa pierre \u00e0 l\u2019\u00e9difice. Cela d\u00e9passe le stade du terrain, on fait beaucoup plus d\u2019activit\u00e9s ensemble. Peut-\u00eatre que pour certains c\u2019est trop, mais je pense que c\u2019est comme \u00e7a qu\u2019on gagne. On a fait pareil en s\u00e9lection, on a cr\u00e9\u00e9 un groupe et c\u2019est plus facile de courir pour un copain, de faire les sacrifices, quand vous l\u2019appr\u00e9ciez. C\u2019est valable dans le football et dans n\u2019importe quel travail. Je pense que l\u2019on a cr\u00e9\u00e9 \u00e7a au PSG. Apr\u00e8s, est-ce que cela va nous faire gagner ? Je ne sais pas, mais cela va s\u00fbrement y contribuer.<\/span><\/p>\n<p class=\"p1 c3\"><span class=\"c2\">\u00abLe soir de ma blessure, j\u2019ai pleur\u00e9 tout la nuit\u00bb<\/span><\/p>\n<p class=\"p1 c3\"><span class=\"c2\"><strong>Avec votre blessure \u00e0 une cheville survenue le 24 juillet dernier, aviez-vous eu peur de manquer la comp\u00e9tition ?\u00a0<\/strong><\/span><\/p>\n<p class=\"p1 c3\"><span class=\"c2\">La v\u00e9rit\u00e9, c\u2019est que le soir de la victoire contre Saint-Etienne (en\u00a0Coupe de France, ndlr), je n\u2019y croyais pas. Je pensais que c\u2019\u00e9tait mort. J\u2019ai pleur\u00e9 toute la nuit. Mais je me suis r\u00e9veill\u00e9 le lendemain matin en me disant d\u2019essayer de faire le maximum, des journ\u00e9es pleines de soin, de rentrer \u00e0 la maison et faire encore des soins. Quand c\u2019est ligamentaire, on peut toujours gagner du temps. Je me suis lanc\u00e9 dans un d\u00e9lire tout seul, peut-\u00eatre que j\u2019\u00e9tais fou, mais plus \u00e7a avan\u00e7ait plus il y avait des motifs d\u2019espoirs. J\u2019avais des meilleures sensations, et surtout je voulais \u00eatre de l\u2019aventure. Je savais qu\u2019\u00e0 un moment donn\u00e9 l\u2019\u00e9quipe allait avoir besoin de moi, sans forc\u00e9ment ma pr\u00e9sence physique sur le terrain. Pour apporter ma bonne humeur. Je n\u2019ai jamais voulu montrer que j\u2019\u00e9tais mal m\u00eame si c\u2019\u00e9tait un moment difficile. Le fait d\u2019\u00eatre revenu contre l\u2019Atalanta\u00a0pour aider l&rsquo;\u00e9quipe \u00e0 se qualifier et, aujourd&rsquo;hui de pouvoir rejouer, c&rsquo;\u00e9tait un grand plaisir.<\/span><\/p>\n<p class=\"p2 c4\"><span class=\"c2\"><strong>Votre blessure est-elle derri\u00e8re vous ?<\/strong><\/span><\/p>\n<p class=\"p1 c3\"><span class=\"c2\">Non, ce n\u2019est pas encore derri\u00e8re moi. Je me sens bien, de mieux en mieux. Plus les jours vont passer, mieux je vais me sentir. Mais je suis oblig\u00e9 de jouer avec un strap\u00a0(bandage, ndlr) tr\u00e8s \u00e9pais, ce n&rsquo;est pas le top. Je n&rsquo;ai plus de douleurs, mais il faut certaines pr\u00e9cautions. Mais je suis pr\u00eat \u00e0 aider l&rsquo;\u00e9quipe sur le terrain comme cela s&rsquo;est vu contre l&rsquo;Atalanta et mardi soir. Tout ce que je veux, c\u2019est gagner. Je suis venu ici pour gagner. Peu importe qu\u2019il y ait des douleurs ou pas, je vais laisser mon corps sur le terrain et tout faire pour gagner dimanche.<\/span><\/p>\n<p>Auteur: letemps1<br \/>\n<a href=\"http:\/\/www.letemps.com.tn\/article\/116539\/%C2%ABje-vais-laisser-mon-corps-sur-le-terrain%C2%A0%C2%BB\">Cliquez ici pour lire l&rsquo;article depuis sa source.<\/a><\/p>\n","protected":false},"excerpt":{"rendered":"<p>De retour d\u2019une blessure \u00e0 la cheville, Kylian Mbapp\u00e9 s\u2019est dit pr\u00eat \u00e0 \u00ablaisser (son) corps sur le terrain\u00bb pour gagner la Ligue des champions. Kylian Mbapp\u00e9 a r\u00e9pondu aux questions de Goal, en conf\u00e9rence de presse, apr\u00e8s la qualification historique du PSG pour la finale de la\u00a0Ligue des champions.\u00a0Au sortir d\u2019une victoire contre Leipzig [&hellip;]<\/p>\n","protected":false},"author":1773,"featured_media":0,"comment_status":"closed","ping_status":"closed","sticky":false,"template":"","format":"standard","meta":{"fifu_image_url":"","fifu_image_alt":"","footnotes":""},"categories":[73,55],"tags":[],"class_list":["post-96265","post","type-post","status-publish","format-standard","hentry","category-actualite","category-tunisie"],"_links":{"self":[{"href":"https:\/\/linitiative.ca\/International\/wp-json\/wp\/v2\/posts\/96265","targetHints":{"allow":["GET"]}}],"collection":[{"href":"https:\/\/linitiative.ca\/International\/wp-json\/wp\/v2\/posts"}],"about":[{"href":"https:\/\/linitiative.ca\/International\/wp-json\/wp\/v2\/types\/post"}],"author":[{"embeddable":true,"href":"https:\/\/linitiative.ca\/International\/wp-json\/wp\/v2\/users\/1773"}],"replies":[{"embeddable":true,"href":"https:\/\/linitiative.ca\/International\/wp-json\/wp\/v2\/comments?post=96265"}],"version-history":[{"count":0,"href":"https:\/\/linitiative.ca\/International\/wp-json\/wp\/v2\/posts\/96265\/revisions"}],"wp:attachment":[{"href":"https:\/\/linitiative.ca\/International\/wp-json\/wp\/v2\/media?parent=96265"}],"wp:term":[{"taxonomy":"category","embeddable":true,"href":"https:\/\/linitiative.ca\/International\/wp-json\/wp\/v2\/categories?post=96265"},{"taxonomy":"post_tag","embeddable":true,"href":"https:\/\/linitiative.ca\/International\/wp-json\/wp\/v2\/tags?post=96265"}],"curies":[{"name":"wp","href":"https:\/\/api.w.org\/{rel}","templated":true}]}}